{"id":4143,"date":"2024-06-27T13:45:29","date_gmt":"2024-06-27T11:45:29","guid":{"rendered":"https:\/\/boomerang.agency\/?post_type=blog_article&#038;p=4143"},"modified":"2024-12-05T13:10:40","modified_gmt":"2024-12-05T11:10:40","slug":"proc-je-rodinna-dovolena-peklo-data-boomlabu-vam-prozradi-jak-se-lisi-leto-zetkaru-a-boomeru","status":"publish","type":"blog_article","link":"https:\/\/boomerang.agency\/en\/blog\/proc-je-rodinna-dovolena-peklo-data-boomlabu-vam-prozradi-jak-se-lisi-leto-zetkaru-a-boomeru\/","title":{"rendered":"Pro\u010d je rodinn\u00e1 dovolen\u00e1 peklo. Data BoomLabu v\u00e1m prozrad\u00ed, jak se li\u0161\u00ed l\u00e9to zetka\u0159\u016f a\u00a0boomer\u016f"},"content":{"rendered":"\r\n<p><strong>Vzpomenete si na ten bezva pocit, kdy\u017e jste si kone\u010dn\u011b prosadili, \u017ee u\u017e v\u00a0l\u00e9t\u011b nepojedete s\u00a0rodi\u010di na M\u00e1ch\u00e1\u010d? A&nbsp;pak na ten rok, kdy s\u00a0v\u00e1mi do Chorvatska poprv\u00e9 odm\u00edtly jet va\u0161e d\u011bti? I&nbsp;tvrd\u00e1 data na\u0161eho <a href=\"https:\/\/boomlab.cz\/\" target=\"_blank\" rel=\"noopener\">BoomLabu<\/a> napov\u00eddaj\u00ed, \u017ee rodinn\u00e1 dovolen\u00e1 m\u016f\u017ee b\u00fdt, ehm, v\u00fdzva, proto\u017ee ka\u017ed\u00e1 generace \u010dek\u00e1 od letn\u00edch pr\u00e1zdnin n\u011bco jin\u00e9ho.<\/strong><\/p>\r\n\r\n\r\n\r\n<h3 class=\"wp-block-heading\">Dovolen\u00e1 je pro mlad\u00e9<\/h3>\r\n\r\n\r\n\r\n<p>L\u00e9to u&nbsp;mo\u0159e si nejv\u00edc ze v\u0161ech generac\u00ed u\u017e\u00edvaj\u00ed zetka\u0159i. Celkem 53&nbsp;% mlad\u00fdch do 24 let miluje houp\u00e1n\u00ed ve vln\u00e1ch, hrady z&nbsp;p\u00edsku i&nbsp;pop\u00edjen\u00ed pi\u00f1a \u010dokol\u00e1dy a&nbsp;jin\u00fdch progresivn\u00edch drink\u016f. U&nbsp;holek je to dokonce 67&nbsp;%. Zetka\u0159i ostatn\u011b miluj\u00ed jakoukoli dov\u010du. Tedy pokud ji nemusej\u00ed tr\u00e1vit s&nbsp;rodi\u010di. V\u00edc si mlad\u00ed u\u017e\u00edvaj\u00ed i&nbsp;samotu: pro 40&nbsp;% z\u00a0nich je dovolen\u00e1 v&nbsp;jednom \u201ecomfy\u201c (jejich term\u00edn).<\/p>\r\n\r\n\r\n\r\n<figure class=\"wp-block-image size-large\"><img decoding=\"async\" class=\"wp-image-1273\" src=\"https:\/\/boomerang.agency\/wp-content\/uploads\/2024\/06\/proc-je-rodin-dovolena-pekloii-1.png\" alt=\"\" \/><\/figure>\r\n\r\n\r\n\r\n<h3 class=\"wp-block-heading\">Mileni\u00e1lov\u00e9 ztr\u00e1cej\u00ed kamar\u00e1dy<\/h3>\r\n\r\n\r\n\r\n<p>T\u0159ic\u00e1tn\u00edci u\u017e se sm\u00ed\u0159ili s&nbsp;t\u00edm, \u017ee jim jejich mal\u00e9 d\u011bti obr\u00e1tily \u017eivot vzh\u016fru nohama. O&nbsp;to v\u00edc vd\u011b\u010dn\u00ed jsou za okam\u017eiky, kdy m\u016f\u017eou vyrazit z\u00a0denn\u00ed rutiny a&nbsp;vz\u00edt synka s&nbsp;dcerkou n\u011bkam mimo pastelkami pomalovan\u00e9 st\u011bny vlastn\u00edho bytu (76&nbsp;% z\u00a0nich si takovou dovolenou u\u017e\u00edv\u00e1). Na kamar\u00e1dy se jim u\u017e nedost\u00e1v\u00e1 kapacity, tak\u017ee s\u00a0nimi na kolo \u010di na vodu jezd\u00ed m\u00ed\u0148 a&nbsp;m\u00ed\u0148.<\/p>\r\n\r\n\r\n\r\n<h3 class=\"wp-block-heading\">Hus\u00e1kovy d\u011bti jsou nostalgici<\/h3>\r\n\r\n\r\n\r\n<p>Pades\u00e1tn\u00edci se sv\u00fdmi \u010derstv\u011b dosp\u011bl\u00fdmi potomky u\u017e tolik \u010dasu netr\u00e1v\u00ed a&nbsp;najednou zji\u0161\u0165uj\u00ed, \u017ee vyrazit s\u00a0nimi do Krkono\u0161 m\u016f\u017ee b\u00fdt docela fajn (80&nbsp;% takov\u00e9 l\u00e9to v\u00edt\u00e1). O&nbsp;to v\u00edc je pak mrz\u00ed, kdy\u017e ten jejich zetka\u0159 na pr\u00e1zdniny nic jako dovolenou se sv\u00fdmi rodi\u010di nepl\u00e1nuje.<\/p>\r\n\r\n\r\n\r\n<figure class=\"wp-block-image size-large\"><img decoding=\"async\" class=\"wp-image-1273\" src=\"https:\/\/boomerang.agency\/wp-content\/uploads\/2024\/06\/proc-je-rodin-dovolena-pekloii-2.png\" alt=\"\" \/><\/figure>\r\n\r\n\r\n\r\n<h3 class=\"wp-block-heading\">Boome\u0159i necht\u011bj\u00ed do hor<\/h3>\r\n\r\n\r\n\r\n<p>Lid\u00e9, co si pamatuj\u00ed sov\u011btsk\u00e9 tanky i&nbsp;Helenku Vondr\u00e1\u010dkovou ve st\u0159edn\u00edm v\u011bku, preferuj\u00ed l\u00e9to po\u00a0\u010cesku. Ide\u00e1ln\u011b u&nbsp;sebe na chalup\u011b. A&nbsp;sp\u00ed\u0161 n\u011bkde v\u00a0\u00fadol\u00ed. P\u011btina v&nbsp;\u017eivot\u011b nebyla na hor\u00e1ch a&nbsp;dal\u0161\u00edch 29&nbsp;% do hor vyrazilo, ale bylo to \u201ena pytel\u201c (jejich term\u00edn).<\/p>\r\n<p>T\u0159etina boomer\u016f nebyla na dovolen\u00e9 nikdy sama a&nbsp;dal\u0161\u00ed t\u0159etina sice ano, ale pr\u00fd o&nbsp;to nijak nest\u00e1li. Nejsp\u00ed\u0161 man\u017eelka u\u017e odm\u00edtla poslouchat jejich rady do \u017eivota. Nebo se sami ztratili n\u011bkde v\u00a0rajsk\u00fdch uli\u010dk\u00e1ch. Nebo oboj\u00ed.<\/p>\r\n\r\n\r\n\r\n<h3 class=\"wp-block-heading\">V\u00edme, kdo jsou va\u0161i z\u00e1kazn\u00edci<\/h3>\r\n\r\n\r\n\r\n<p>Ka\u017ed\u00fd druh\u00fd rok d\u011bl\u00e1me rozs\u00e1hl\u00fd v\u00fdzkum zam\u011b\u0159en\u00fd na chov\u00e1n\u00ed a&nbsp;postoje va\u0161ich budouc\u00edch z\u00e1kazn\u00edk\u016f. A&nbsp;v\u00edme nejen to, kde a&nbsp;v\u00a0jak\u00e9 n\u00e1lad\u011b je hledat b\u011bhem letn\u00edch m\u011bs\u00edc\u016f, ale t\u0159eba i&nbsp;to, <a href=\"https:\/\/boomerang.agency\/blog\/utraceji-vic-boomeri-nebo-genz-boomlab-zna-odpoved\/\" target=\"_blank\" rel=\"noopener\">za co r\u016fzn\u00e9 generace r\u00e1dy utr\u00e1cej\u00ed pen\u00edze<\/a>. V\u00e1m sta\u010d\u00ed si o&nbsp;data <a href=\"https:\/\/boomlab.cz\/\" target=\"_blank\" rel=\"noopener\">BoomLabu<\/a> \u0159\u00edct a&nbsp;vybudovat na nich komunika\u010dn\u00ed strategii, bezvadnou, jak jen vy to um\u00edte.<\/p>\r\n\r\n<p>&nbsp;<\/p>","protected":false},"excerpt":{"rendered":"<p>Vzpomenete si na ten bezva pocit, kdy\u017e jste si kone\u010dn\u011b prosadili, \u017ee u\u017e v\u00a0l\u00e9t\u011b nepojedete s\u00a0rodi\u010di na M\u00e1ch\u00e1\u010d? A&nbsp;pak na ten rok, kdy s\u00a0v\u00e1mi do Chorvatska poprv\u00e9 odm\u00edtly jet va\u0161e d\u011bti? I&nbsp;tvrd\u00e1 data na\u0161eho BoomLabu napov\u00eddaj\u00ed, \u017ee rodinn\u00e1 dovolen\u00e1 m\u016f\u017ee b\u00fdt, ehm, v\u00fdzva, proto\u017ee ka\u017ed\u00e1 generace \u010dek\u00e1 od letn\u00edch pr\u00e1zdnin n\u011bco jin\u00e9ho. Dovolen\u00e1 je pro [&hellip;]<\/p>\n","protected":false},"featured_media":4167,"menu_order":0,"template":"","serial":[],"class_list":["post-4143","blog_article","type-blog_article","status-publish","has-post-thumbnail","hentry"],"acf":[],"yoast_head":"<!-- This site is optimized with the Yoast SEO plugin v27.1 - https:\/\/yoast.com\/product\/yoast-seo-wordpress\/ -->\n<title>Pro\u010d je rodinn\u00e1 dovolen\u00e1 peklo. Data BoomLabu v\u00e1m prozrad\u00ed, jak se li\u0161\u00ed l\u00e9to zetka\u0159\u016f a\u00a0boomer\u016f - Boomerang Communication<\/title>\n<meta name=\"robots\" content=\"index, follow, max-snippet:-1, max-image-preview:large, max-video-preview:-1\" \/>\n<link rel=\"canonical\" href=\"https:\/\/boomerang.agency\/en\/blog\/proc-je-rodinna-dovolena-peklo-data-boomlabu-vam-prozradi-jak-se-lisi-leto-zetkaru-a-boomeru\/\" \/>\n<meta property=\"og:locale\" content=\"en_US\" \/>\n<meta property=\"og:type\" content=\"article\" \/>\n<meta property=\"og:title\" content=\"Pro\u010d je rodinn\u00e1 dovolen\u00e1 peklo. Data BoomLabu v\u00e1m prozrad\u00ed, jak se li\u0161\u00ed l\u00e9to zetka\u0159\u016f a\u00a0boomer\u016f - Boomerang Communication\" \/>\n<meta property=\"og:description\" content=\"Vzpomenete si na ten bezva pocit, kdy\u017e jste si kone\u010dn\u011b prosadili, \u017ee u\u017e v\u00a0l\u00e9t\u011b nepojedete s\u00a0rodi\u010di na M\u00e1ch\u00e1\u010d? A&nbsp;pak na ten rok, kdy s\u00a0v\u00e1mi do Chorvatska poprv\u00e9 odm\u00edtly jet va\u0161e d\u011bti? I&nbsp;tvrd\u00e1 data na\u0161eho BoomLabu napov\u00eddaj\u00ed, \u017ee rodinn\u00e1 dovolen\u00e1 m\u016f\u017ee b\u00fdt, ehm, v\u00fdzva, proto\u017ee ka\u017ed\u00e1 generace \u010dek\u00e1 od letn\u00edch pr\u00e1zdnin n\u011bco jin\u00e9ho. Dovolen\u00e1 je pro [&hellip;]\" \/>\n<meta property=\"og:url\" content=\"https:\/\/boomerang.agency\/en\/blog\/proc-je-rodinna-dovolena-peklo-data-boomlabu-vam-prozradi-jak-se-lisi-leto-zetkaru-a-boomeru\/\" \/>\n<meta property=\"og:site_name\" content=\"Boomerang Communication\" \/>\n<meta property=\"article:modified_time\" content=\"2024-12-05T11:10:40+00:00\" \/>\n<meta property=\"og:image\" content=\"https:\/\/boomerang.agency\/wp-content\/uploads\/2024\/06\/proc-je-rodinna-dovolena-peklo3.png\" \/>\n\t<meta property=\"og:image:width\" content=\"1800\" \/>\n\t<meta property=\"og:image:height\" content=\"938\" \/>\n\t<meta property=\"og:image:type\" content=\"image\/png\" \/>\n<meta name=\"twitter:card\" content=\"summary_large_image\" \/>\n<meta name=\"twitter:label1\" content=\"Est. reading time\" \/>\n\t<meta name=\"twitter:data1\" content=\"3 minutes\" \/>\n<script type=\"application\/ld+json\" class=\"yoast-schema-graph\">{\"@context\":\"https:\/\/schema.org\",\"@graph\":[{\"@type\":\"WebPage\",\"@id\":\"https:\/\/boomerang.agency\/en\/blog\/proc-je-rodinna-dovolena-peklo-data-boomlabu-vam-prozradi-jak-se-lisi-leto-zetkaru-a-boomeru\/\",\"url\":\"https:\/\/boomerang.agency\/en\/blog\/proc-je-rodinna-dovolena-peklo-data-boomlabu-vam-prozradi-jak-se-lisi-leto-zetkaru-a-boomeru\/\",\"name\":\"Pro\u010d je rodinn\u00e1 dovolen\u00e1 peklo. Data BoomLabu v\u00e1m prozrad\u00ed, jak se li\u0161\u00ed l\u00e9to zetka\u0159\u016f a\u00a0boomer\u016f - Boomerang Communication\",\"isPartOf\":{\"@id\":\"https:\/\/boomerang.agency\/en\/#website\"},\"primaryImageOfPage\":{\"@id\":\"https:\/\/boomerang.agency\/en\/blog\/proc-je-rodinna-dovolena-peklo-data-boomlabu-vam-prozradi-jak-se-lisi-leto-zetkaru-a-boomeru\/#primaryimage\"},\"image\":{\"@id\":\"https:\/\/boomerang.agency\/en\/blog\/proc-je-rodinna-dovolena-peklo-data-boomlabu-vam-prozradi-jak-se-lisi-leto-zetkaru-a-boomeru\/#primaryimage\"},\"thumbnailUrl\":\"https:\/\/boomerang.agency\/wp-content\/uploads\/2024\/06\/proc-je-rodinna-dovolena-peklo3.png\",\"datePublished\":\"2024-06-27T11:45:29+00:00\",\"dateModified\":\"2024-12-05T11:10:40+00:00\",\"breadcrumb\":{\"@id\":\"https:\/\/boomerang.agency\/en\/blog\/proc-je-rodinna-dovolena-peklo-data-boomlabu-vam-prozradi-jak-se-lisi-leto-zetkaru-a-boomeru\/#breadcrumb\"},\"inLanguage\":\"en-US\",\"potentialAction\":[{\"@type\":\"ReadAction\",\"target\":[\"https:\/\/boomerang.agency\/en\/blog\/proc-je-rodinna-dovolena-peklo-data-boomlabu-vam-prozradi-jak-se-lisi-leto-zetkaru-a-boomeru\/\"]}]},{\"@type\":\"ImageObject\",\"inLanguage\":\"en-US\",\"@id\":\"https:\/\/boomerang.agency\/en\/blog\/proc-je-rodinna-dovolena-peklo-data-boomlabu-vam-prozradi-jak-se-lisi-leto-zetkaru-a-boomeru\/#primaryimage\",\"url\":\"https:\/\/boomerang.agency\/wp-content\/uploads\/2024\/06\/proc-je-rodinna-dovolena-peklo3.png\",\"contentUrl\":\"https:\/\/boomerang.agency\/wp-content\/uploads\/2024\/06\/proc-je-rodinna-dovolena-peklo3.png\",\"width\":1800,\"height\":938},{\"@type\":\"BreadcrumbList\",\"@id\":\"https:\/\/boomerang.agency\/en\/blog\/proc-je-rodinna-dovolena-peklo-data-boomlabu-vam-prozradi-jak-se-lisi-leto-zetkaru-a-boomeru\/#breadcrumb\",\"itemListElement\":[{\"@type\":\"ListItem\",\"position\":1,\"name\":\"Dom\u016f\",\"item\":\"https:\/\/boomerang.agency\/en\/\"},{\"@type\":\"ListItem\",\"position\":2,\"name\":\"Blog\",\"item\":\"https:\/\/boomerang.agency\/en\/blog\/\"},{\"@type\":\"ListItem\",\"position\":3,\"name\":\"Pro\u010d je rodinn\u00e1 dovolen\u00e1 peklo. Data BoomLabu v\u00e1m prozrad\u00ed, jak se li\u0161\u00ed l\u00e9to zetka\u0159\u016f a\u00a0boomer\u016f\"}]},{\"@type\":\"WebSite\",\"@id\":\"https:\/\/boomerang.agency\/en\/#website\",\"url\":\"https:\/\/boomerang.agency\/en\/\",\"name\":\"Boomerang Communication\",\"description\":\"Boomerang Communication - strategie, obsahov\u00fd marketing a reklama\",\"potentialAction\":[{\"@type\":\"SearchAction\",\"target\":{\"@type\":\"EntryPoint\",\"urlTemplate\":\"https:\/\/boomerang.agency\/en\/?s={search_term_string}\"},\"query-input\":{\"@type\":\"PropertyValueSpecification\",\"valueRequired\":true,\"valueName\":\"search_term_string\"}}],\"inLanguage\":\"en-US\"}]}<\/script>\n<!-- \/ Yoast SEO plugin. -->","yoast_head_json":{"title":"Pro\u010d je rodinn\u00e1 dovolen\u00e1 peklo. Data BoomLabu v\u00e1m prozrad\u00ed, jak se li\u0161\u00ed l\u00e9to zetka\u0159\u016f a\u00a0boomer\u016f - Boomerang Communication","robots":{"index":"index","follow":"follow","max-snippet":"max-snippet:-1","max-image-preview":"max-image-preview:large","max-video-preview":"max-video-preview:-1"},"canonical":"https:\/\/boomerang.agency\/en\/blog\/proc-je-rodinna-dovolena-peklo-data-boomlabu-vam-prozradi-jak-se-lisi-leto-zetkaru-a-boomeru\/","og_locale":"en_US","og_type":"article","og_title":"Pro\u010d je rodinn\u00e1 dovolen\u00e1 peklo. Data BoomLabu v\u00e1m prozrad\u00ed, jak se li\u0161\u00ed l\u00e9to zetka\u0159\u016f a\u00a0boomer\u016f - Boomerang Communication","og_description":"Vzpomenete si na ten bezva pocit, kdy\u017e jste si kone\u010dn\u011b prosadili, \u017ee u\u017e v\u00a0l\u00e9t\u011b nepojedete s\u00a0rodi\u010di na M\u00e1ch\u00e1\u010d? A&nbsp;pak na ten rok, kdy s\u00a0v\u00e1mi do Chorvatska poprv\u00e9 odm\u00edtly jet va\u0161e d\u011bti? I&nbsp;tvrd\u00e1 data na\u0161eho BoomLabu napov\u00eddaj\u00ed, \u017ee rodinn\u00e1 dovolen\u00e1 m\u016f\u017ee b\u00fdt, ehm, v\u00fdzva, proto\u017ee ka\u017ed\u00e1 generace \u010dek\u00e1 od letn\u00edch pr\u00e1zdnin n\u011bco jin\u00e9ho. Dovolen\u00e1 je pro [&hellip;]","og_url":"https:\/\/boomerang.agency\/en\/blog\/proc-je-rodinna-dovolena-peklo-data-boomlabu-vam-prozradi-jak-se-lisi-leto-zetkaru-a-boomeru\/","og_site_name":"Boomerang Communication","article_modified_time":"2024-12-05T11:10:40+00:00","og_image":[{"width":1800,"height":938,"url":"https:\/\/boomerang.agency\/wp-content\/uploads\/2024\/06\/proc-je-rodinna-dovolena-peklo3.png","type":"image\/png"}],"twitter_card":"summary_large_image","twitter_misc":{"Est. reading time":"3 minutes"},"schema":{"@context":"https:\/\/schema.org","@graph":[{"@type":"WebPage","@id":"https:\/\/boomerang.agency\/en\/blog\/proc-je-rodinna-dovolena-peklo-data-boomlabu-vam-prozradi-jak-se-lisi-leto-zetkaru-a-boomeru\/","url":"https:\/\/boomerang.agency\/en\/blog\/proc-je-rodinna-dovolena-peklo-data-boomlabu-vam-prozradi-jak-se-lisi-leto-zetkaru-a-boomeru\/","name":"Pro\u010d je rodinn\u00e1 dovolen\u00e1 peklo. Data BoomLabu v\u00e1m prozrad\u00ed, jak se li\u0161\u00ed l\u00e9to zetka\u0159\u016f a\u00a0boomer\u016f - Boomerang Communication","isPartOf":{"@id":"https:\/\/boomerang.agency\/en\/#website"},"primaryImageOfPage":{"@id":"https:\/\/boomerang.agency\/en\/blog\/proc-je-rodinna-dovolena-peklo-data-boomlabu-vam-prozradi-jak-se-lisi-leto-zetkaru-a-boomeru\/#primaryimage"},"image":{"@id":"https:\/\/boomerang.agency\/en\/blog\/proc-je-rodinna-dovolena-peklo-data-boomlabu-vam-prozradi-jak-se-lisi-leto-zetkaru-a-boomeru\/#primaryimage"},"thumbnailUrl":"https:\/\/boomerang.agency\/wp-content\/uploads\/2024\/06\/proc-je-rodinna-dovolena-peklo3.png","datePublished":"2024-06-27T11:45:29+00:00","dateModified":"2024-12-05T11:10:40+00:00","breadcrumb":{"@id":"https:\/\/boomerang.agency\/en\/blog\/proc-je-rodinna-dovolena-peklo-data-boomlabu-vam-prozradi-jak-se-lisi-leto-zetkaru-a-boomeru\/#breadcrumb"},"inLanguage":"en-US","potentialAction":[{"@type":"ReadAction","target":["https:\/\/boomerang.agency\/en\/blog\/proc-je-rodinna-dovolena-peklo-data-boomlabu-vam-prozradi-jak-se-lisi-leto-zetkaru-a-boomeru\/"]}]},{"@type":"ImageObject","inLanguage":"en-US","@id":"https:\/\/boomerang.agency\/en\/blog\/proc-je-rodinna-dovolena-peklo-data-boomlabu-vam-prozradi-jak-se-lisi-leto-zetkaru-a-boomeru\/#primaryimage","url":"https:\/\/boomerang.agency\/wp-content\/uploads\/2024\/06\/proc-je-rodinna-dovolena-peklo3.png","contentUrl":"https:\/\/boomerang.agency\/wp-content\/uploads\/2024\/06\/proc-je-rodinna-dovolena-peklo3.png","width":1800,"height":938},{"@type":"BreadcrumbList","@id":"https:\/\/boomerang.agency\/en\/blog\/proc-je-rodinna-dovolena-peklo-data-boomlabu-vam-prozradi-jak-se-lisi-leto-zetkaru-a-boomeru\/#breadcrumb","itemListElement":[{"@type":"ListItem","position":1,"name":"Dom\u016f","item":"https:\/\/boomerang.agency\/en\/"},{"@type":"ListItem","position":2,"name":"Blog","item":"https:\/\/boomerang.agency\/en\/blog\/"},{"@type":"ListItem","position":3,"name":"Pro\u010d je rodinn\u00e1 dovolen\u00e1 peklo. Data BoomLabu v\u00e1m prozrad\u00ed, jak se li\u0161\u00ed l\u00e9to zetka\u0159\u016f a\u00a0boomer\u016f"}]},{"@type":"WebSite","@id":"https:\/\/boomerang.agency\/en\/#website","url":"https:\/\/boomerang.agency\/en\/","name":"Boomerang Communication","description":"Boomerang Communication - strategie, obsahov\u00fd marketing a reklama","potentialAction":[{"@type":"SearchAction","target":{"@type":"EntryPoint","urlTemplate":"https:\/\/boomerang.agency\/en\/?s={search_term_string}"},"query-input":{"@type":"PropertyValueSpecification","valueRequired":true,"valueName":"search_term_string"}}],"inLanguage":"en-US"}]}},"_links":{"self":[{"href":"https:\/\/boomerang.agency\/en\/wp-json\/wp\/v2\/blog_article\/4143","targetHints":{"allow":["GET"]}}],"collection":[{"href":"https:\/\/boomerang.agency\/en\/wp-json\/wp\/v2\/blog_article"}],"about":[{"href":"https:\/\/boomerang.agency\/en\/wp-json\/wp\/v2\/types\/blog_article"}],"version-history":[{"count":11,"href":"https:\/\/boomerang.agency\/en\/wp-json\/wp\/v2\/blog_article\/4143\/revisions"}],"predecessor-version":[{"id":4317,"href":"https:\/\/boomerang.agency\/en\/wp-json\/wp\/v2\/blog_article\/4143\/revisions\/4317"}],"wp:featuredmedia":[{"embeddable":true,"href":"https:\/\/boomerang.agency\/en\/wp-json\/wp\/v2\/media\/4167"}],"wp:attachment":[{"href":"https:\/\/boomerang.agency\/en\/wp-json\/wp\/v2\/media?parent=4143"}],"wp:term":[{"taxonomy":"serial","embeddable":true,"href":"https:\/\/boomerang.agency\/en\/wp-json\/wp\/v2\/serial?post=4143"}],"curies":[{"name":"wp","href":"https:\/\/api.w.org\/{rel}","templated":true}]}}