{"id":3139,"date":"2023-05-11T11:43:29","date_gmt":"2023-05-11T09:43:29","guid":{"rendered":"https:\/\/boomerang.agency\/?post_type=blog_article&#038;p=3139"},"modified":"2024-12-05T13:15:05","modified_gmt":"2024-12-05T11:15:05","slug":"lide-vila-i-krmitko-ptali-jsme-se-lidi-proc-jsou-v-bumaci","status":"publish","type":"blog_article","link":"https:\/\/boomerang.agency\/en\/blog\/lide-vila-i-krmitko-ptali-jsme-se-lidi-proc-jsou-v-bumaci\/","title":{"rendered":"Lid\u00e9, vila i\u00a0krm\u00edtko. Ptali jsme se lid\u00ed, pro\u010d jsou v\u00a0Bum\u00e1\u010di"},"content":{"rendered":"<p class=\"p1\"><b>V sout\u011b\u017ei Agentura roku jsme se letos ocitli mezi nejlep\u0161\u00edmi zam\u011bstnavateli v&nbsp;oboru. Pot\u011b\u0161ilo n\u00e1s to, tak jsme se zeptali lid\u00ed z&nbsp;Boomerangu, pro\u010d tu pracuj\u00ed, a&nbsp;paleta d\u016fvod\u016f byla p\u0159ekvapiv\u011b pestr\u00e1.<\/b><\/p>\n<h2 class=\"p1\">Jsme mago\u0159i, ale ne idioti<\/h2>\n<p class=\"p1\">Nejd\u016fle\u017eit\u011bj\u0161\u00ed d\u016fvod, pro\u010d pracovat v&nbsp;Boomerangu, jmenovalo <b>90&nbsp;% ze v\u0161ech zam\u011bstnanc\u016f<\/b>. Jsou to <b>kolegov\u00e9<\/b>. Ka\u017ed\u00fd den chod\u00edme do pr\u00e1ce a&nbsp;t\u011b\u0161\u00edme se, \u017ee potk\u00e1me lidi. V\u00edme, \u017ee to zdaleka nen\u00ed samoz\u0159ejmost, tak\u017ee si to u\u017e\u00edv\u00e1me a&nbsp;r\u00e1di spolu n\u011bco podnik\u00e1me. Po\u0159\u00e1d\u00e1me grilov\u00e1n\u00ed a&nbsp;rozjet\u00e9 v\u00e1no\u010dn\u00ed p\u00e1rty i&nbsp;kolektivn\u00ed n\u00e1v\u0161t\u011bvy v\u00fdstav a&nbsp;firemn\u00ed \u010dten\u00ed Plat\u00f3nov\u00fdch dialog\u016f. Spole\u010dn\u00e9 akce neb\u00fdvaj\u00ed povinn\u00e9, ale stejn\u011b jsou skoro v\u017edycky nabit\u00e9. Dokonce bav\u00ed i&nbsp;introverty.<\/p>\n<p class=\"p1\" style=\"text-align: left;\"><b><i>\u201eJsem tu, proto\u017ee je tu mimo\u0159\u00e1dn\u011b n\u00edzk\u00e9 procento idiot\u016f. Proto\u017ee ka\u017ed\u00fd z&nbsp;n\u00e1s je tu n\u011b\u010d\u00edm magor a&nbsp;je okouzluj\u00edc\u00ed to pozorovat. Proto\u017ee m\u016f\u017eu chodit do pr\u00e1ce p\u011b\u0161ky p\u0159es Trojsk\u00fd most. A&nbsp;pro spoustu dal\u0161\u00edch v\u011bc\u00ed.\u201c <\/i><\/b><strong><i>\u2013 <\/i><\/strong><span class=\"s2\"><b><i>\u0160tefan \u0160vec, kreativn\u00ed \u0161\u00e9f p\u0159es p\u00edsmenka<\/i><\/b><\/span><span class=\"s3\">\u00a0<\/span><\/p>\n<p><img loading=\"lazy\" decoding=\"async\" class=\"img-fluid alignnone wp-image-3170 size-full\" src=\"https:\/\/boomerang.agency\/wp-content\/uploads\/2023\/05\/img-2784-1.jpg\" alt=\"\" width=\"2000\" height=\"1333\" srcset=\"https:\/\/boomerang.agency\/wp-content\/uploads\/2023\/05\/img-2784-1.jpg 2000w, https:\/\/boomerang.agency\/wp-content\/uploads\/2023\/05\/img-2784-1-300x200.jpg 300w, https:\/\/boomerang.agency\/wp-content\/uploads\/2023\/05\/img-2784-1-1024x682.jpg 1024w, https:\/\/boomerang.agency\/wp-content\/uploads\/2023\/05\/img-2784-1-768x512.jpg 768w, https:\/\/boomerang.agency\/wp-content\/uploads\/2023\/05\/img-2784-1-1536x1024.jpg 1536w, https:\/\/boomerang.agency\/wp-content\/uploads\/2023\/05\/img-2784-1-640x427.jpg 640w, https:\/\/boomerang.agency\/wp-content\/uploads\/2023\/05\/img-2784-1-1280x853.jpg 1280w\" sizes=\"auto, (max-width: 2000px) 100vw, 2000px\" \/><\/p>\n<p class=\"p1\">Mezi jednodu\u0161\u0161\u00ed d\u016fvody pat\u0159\u00ed t\u0159eba spole\u010dn\u00e9 pond\u011bln\u00ed sn\u00eddan\u011b. Nebo krm\u00edtko v&nbsp;p\u0159\u00edzem\u00ed, na kter\u00e9m je skoro v\u017edycky n\u011bco dobr\u00e9ho k&nbsp;mls\u00e1n\u00ed. A&nbsp;samoz\u0159ejm\u011b i&nbsp;nekone\u010dn\u00fd p\u0159\u00edsun \u010daj\u016f a&nbsp;dobr\u00e9 k\u00e1vy z\u202fkvalitn\u00edch k\u00e1vovar\u016f.<\/p>\n<p class=\"p1\"><b><i>\u201ePln\u00fd st\u016fl v&nbsp;kuchy\u0148ce ka\u017ed\u00e9 pond\u011bln\u00ed r\u00e1no mi dost zp\u0159\u00edjem\u0148uje n\u00e1vrat do pr\u00e1ce po v\u00edkendu. N\u011bkdy se dokonce v&nbsp;ned\u011bli ve\u010der p\u0159istihnu, \u017ee u\u017e se na n\u011bj t\u011b\u0161\u00edm.&#8221;\u00a0 <strong>\u2013 <span class=\"s2\">Rudolf Kr\u00e1l, editor<\/span><\/strong><\/i><\/b><\/p>\n<p><img loading=\"lazy\" decoding=\"async\" class=\"alignnone size-full wp-image-3161 img-fluid\" src=\"https:\/\/boomerang.agency\/wp-content\/uploads\/2023\/05\/img-3199.jpg\" alt=\"\" width=\"2000\" height=\"1333\" srcset=\"https:\/\/boomerang.agency\/wp-content\/uploads\/2023\/05\/img-3199.jpg 2000w, https:\/\/boomerang.agency\/wp-content\/uploads\/2023\/05\/img-3199-300x200.jpg 300w, https:\/\/boomerang.agency\/wp-content\/uploads\/2023\/05\/img-3199-1024x682.jpg 1024w, https:\/\/boomerang.agency\/wp-content\/uploads\/2023\/05\/img-3199-768x512.jpg 768w, https:\/\/boomerang.agency\/wp-content\/uploads\/2023\/05\/img-3199-1536x1024.jpg 1536w, https:\/\/boomerang.agency\/wp-content\/uploads\/2023\/05\/img-3199-640x427.jpg 640w, https:\/\/boomerang.agency\/wp-content\/uploads\/2023\/05\/img-3199-1280x853.jpg 1280w\" sizes=\"auto, (max-width: 2000px) 100vw, 2000px\" \/><\/p>\n<h2 class=\"p1\">\u017divot za sklem nen\u00ed pro n\u00e1s<\/h2>\n<p class=\"p1\">Velk\u00fdm bonusem je m\u00edsto, kde pracujeme. <b>Prostorn\u00e1 vila v&nbsp;Troji<\/b> s&nbsp;pozemkem o&nbsp;rozloze 3\u00a0500\u00a0m<span class=\"s4\"><sup>2<\/sup><\/span>. V&nbsp;l\u00e9t\u011b n\u00e1m po stromech p\u0159ed okny b\u011bhaj\u00ed veverky a&nbsp;mezi kmeny vis\u00ed houpac\u00ed s\u00ed\u0165. Ob\u011bdv\u00e1me na terase a&nbsp;ob\u010das si chod\u00edme sednout k&nbsp;pr\u00e1ci do klidn\u00e9 zahrady. Geni\u00e1ln\u00ed kombinace klidu a&nbsp;ru\u0161n\u00e9ho prost\u0159ed\u00ed v\u202fjednom.<\/p>\n<p class=\"p1\"><b><i>\u201eM\u00e1m psa a&nbsp;ten zbo\u017e\u0148uje na\u0161i zahradu. J\u00e1 taky. Krom\u011b dog friendly office m\u00e1me i&nbsp;dog friendly tr\u00e1vu a&nbsp;dog friendly stromy. A&nbsp;m\u00fdho pejska tu v\u0161ichni drbou, co\u017e se mu l\u00edb\u00ed.\u201c <strong>\u2013 <\/strong><\/i><\/b><span class=\"s2\"><b><i>Pavl\u00edna \u0160ime\u010dek, editorka<\/i><\/b><\/span><\/p>\n<p class=\"p3\"><img loading=\"lazy\" decoding=\"async\" class=\"alignnone size-full wp-image-3165 img-fluid\" src=\"https:\/\/boomerang.agency\/wp-content\/uploads\/2023\/05\/pxl-20230317-143034344-copy-1.jpg\" alt=\"\" width=\"2499\" height=\"1406\" srcset=\"https:\/\/boomerang.agency\/wp-content\/uploads\/2023\/05\/pxl-20230317-143034344-copy-1.jpg 2499w, https:\/\/boomerang.agency\/wp-content\/uploads\/2023\/05\/pxl-20230317-143034344-copy-1-300x169.jpg 300w, https:\/\/boomerang.agency\/wp-content\/uploads\/2023\/05\/pxl-20230317-143034344-copy-1-1024x576.jpg 1024w, https:\/\/boomerang.agency\/wp-content\/uploads\/2023\/05\/pxl-20230317-143034344-copy-1-768x432.jpg 768w, https:\/\/boomerang.agency\/wp-content\/uploads\/2023\/05\/pxl-20230317-143034344-copy-1-1536x864.jpg 1536w, https:\/\/boomerang.agency\/wp-content\/uploads\/2023\/05\/pxl-20230317-143034344-copy-1-2048x1152.jpg 2048w, https:\/\/boomerang.agency\/wp-content\/uploads\/2023\/05\/pxl-20230317-143034344-copy-1-640x360.jpg 640w, https:\/\/boomerang.agency\/wp-content\/uploads\/2023\/05\/pxl-20230317-143034344-copy-1-1280x720.jpg 1280w, https:\/\/boomerang.agency\/wp-content\/uploads\/2023\/05\/pxl-20230317-143034344-copy-1-2000x1125.jpg 2000w\" sizes=\"auto, (max-width: 2499px) 100vw, 2499px\" \/><\/p>\n<p class=\"p3\"><b><i>\u201eMotivuj\u00edc\u00ed t\u00fdm pln\u00fd inspirativn\u00edch profesion\u00e1l\u016f. P\u0159\u00e1telsk\u00fd kolektiv a&nbsp;neform\u00e1ln\u00ed atmosf\u00e9ra. Zaj\u00edmav\u00e9 pracovn\u00ed v\u00fdzvy. Mo\u017enost osobn\u00edho rozvoje.\u201d <strong>\u2013 <\/strong><\/i><\/b><span class=\"s2\"><b><i>Ad\u00e9la Koz\u00e1kov\u00e1, kreativn\u00ed leader<\/i><\/b><\/span><span class=\"s3\">\u00a0<\/span><\/p>\n<p><img loading=\"lazy\" decoding=\"async\" class=\"alignnone size-full wp-image-3159 img-fluid\" src=\"https:\/\/boomerang.agency\/wp-content\/uploads\/2023\/05\/img-6371-scaled.jpg\" alt=\"\" width=\"2560\" height=\"1707\" srcset=\"https:\/\/boomerang.agency\/wp-content\/uploads\/2023\/05\/img-6371-scaled.jpg 2560w, https:\/\/boomerang.agency\/wp-content\/uploads\/2023\/05\/img-6371-300x200.jpg 300w, https:\/\/boomerang.agency\/wp-content\/uploads\/2023\/05\/img-6371-1024x683.jpg 1024w, https:\/\/boomerang.agency\/wp-content\/uploads\/2023\/05\/img-6371-768x512.jpg 768w, https:\/\/boomerang.agency\/wp-content\/uploads\/2023\/05\/img-6371-1536x1024.jpg 1536w, https:\/\/boomerang.agency\/wp-content\/uploads\/2023\/05\/img-6371-2048x1365.jpg 2048w, https:\/\/boomerang.agency\/wp-content\/uploads\/2023\/05\/img-6371-640x427.jpg 640w, https:\/\/boomerang.agency\/wp-content\/uploads\/2023\/05\/img-6371-1280x853.jpg 1280w, https:\/\/boomerang.agency\/wp-content\/uploads\/2023\/05\/img-6371-2000x1333.jpg 2000w\" sizes=\"auto, (max-width: 2560px) 100vw, 2560px\" \/><\/p>\n<p class=\"p1\"><b><i>\u201eMiluju samostatnost a&nbsp;mo\u017enost tvo\u0159it, kterou mi Boomerang nab\u00edz\u00ed. C\u00edt\u00edm se dob\u0159e s&nbsp;lidmi v\u202fbar\u00e1ku.\u201d <strong>\u2013 <\/strong><\/i><\/b><span class=\"s2\"><b><i>Martina Adam\u00edkov\u00e1, mana\u017eerka soci\u00e1ln\u00edch m\u00e9di\u00ed<\/i><\/b><\/span><span class=\"s3\">\u00a0<\/span><\/p>\n<h2 class=\"p1\">Na dramata si tady nepotrp\u00edme<\/h2>\n<p class=\"p1\">Pro pohodovou atmosf\u00e9ru a&nbsp;t\u00fdmovou spolupr\u00e1ci jsme tady v\u0161ichni r\u00e1di. Posouv\u00e1me projekty na\u0161ich klient\u016f den co den na vy\u0161\u0161\u00ed \u00farove\u0148 a&nbsp;jsme r\u00e1di za to, pro koho a&nbsp;kde ji d\u011bl\u00e1me. Pak se nen\u00ed \u010demu divit, \u017ee <b>v\u00fdsledky na\u0161\u00ed pr\u00e1ce jsou vid\u011bt.<\/b><\/p>\n<p class=\"p1\"><b>Dok\u00e1\u017eete si p\u0159edstavit chodit do pr\u00e1ce, kam se budete t\u011b\u0161it?<\/b> Na inspirativn\u00ed a&nbsp;vesel\u00e9 kolegy, nov\u00e9 projekty i&nbsp;na kl\u00eddek, ze kter\u00e9ho v\u00e1s nevytrhne ego-exhibicionismus n\u011bkoho dal\u0161\u00edho? Na par\u00e1dn\u00ed v\u00fdhledy z&nbsp;okna, veden\u00ed, v\u010dasnou v\u00fdplatu i&nbsp;klienty? P\u0159ij\u010fte k&nbsp;n\u00e1m a&nbsp;jedno takov\u00e9 m\u00edsto v\u00e1m p\u0159edstav\u00edme.<b> M\u00edsto<\/b>, kde bude doma va\u0161e kreativn\u00ed du\u0161e i&nbsp;um\u011bl\u00e1 inteligence. <b>M\u00edsto<\/b>, kde se nenud\u00edme ani vte\u0159inu! <b>M\u00edsto<\/b>, kde budete obklopeni inspirac\u00ed i&nbsp;skv\u011blou partou. A&nbsp;taky <b>m\u00edsto<\/b>, kam nemus\u00edte p\u0159ij\u00edt, pokud bude pot\u0159eba z\u016fstat doma. Mo\u017enost <b>home office<\/b> je, v\u00edme, k&nbsp;nezaplacen\u00ed.<\/p>\n<h3 class=\"p1\"><b>My jsme prost\u011b v&nbsp;Boomerangu r\u00e1di. Chce\u0161 b\u00fdt taky? <\/b><a href=\"https:\/\/boomerang.agency\/kariera\/\" target=\"_blank\" rel=\"noopener\"><span class=\"s2\"><b>Pod\u00edvej se<\/b><\/span><\/a>,<b> jestli nehled\u00e1me zrovna tebe.<\/b><\/h3>\n","protected":false},"excerpt":{"rendered":"<p>V sout\u011b\u017ei Agentura roku jsme se letos ocitli mezi nejlep\u0161\u00edmi zam\u011bstnavateli v&nbsp;oboru. Pot\u011b\u0161ilo n\u00e1s to, tak jsme se zeptali lid\u00ed z&nbsp;Boomerangu, pro\u010d tu pracuj\u00ed, a&nbsp;paleta d\u016fvod\u016f byla p\u0159ekvapiv\u011b pestr\u00e1. Jsme mago\u0159i, ale ne idioti Nejd\u016fle\u017eit\u011bj\u0161\u00ed d\u016fvod, pro\u010d pracovat v&nbsp;Boomerangu, jmenovalo 90&nbsp;% ze v\u0161ech zam\u011bstnanc\u016f. Jsou to kolegov\u00e9. Ka\u017ed\u00fd den chod\u00edme do pr\u00e1ce a&nbsp;t\u011b\u0161\u00edme se, \u017ee [&hellip;]<\/p>\n","protected":false},"featured_media":3140,"menu_order":0,"template":"","serial":[],"class_list":["post-3139","blog_article","type-blog_article","status-publish","has-post-thumbnail","hentry"],"acf":[],"yoast_head":"<!-- This site is optimized with the Yoast SEO plugin v27.1 - https:\/\/yoast.com\/product\/yoast-seo-wordpress\/ -->\n<title>Lid\u00e9, vila i\u00a0krm\u00edtko. Ptali jsme se lid\u00ed, pro\u010d jsou v\u00a0Bum\u00e1\u010di - Boomerang Communication<\/title>\n<meta name=\"robots\" content=\"index, follow, max-snippet:-1, max-image-preview:large, max-video-preview:-1\" \/>\n<link rel=\"canonical\" href=\"https:\/\/boomerang.agency\/en\/blog\/lide-vila-i-krmitko-ptali-jsme-se-lidi-proc-jsou-v-bumaci\/\" \/>\n<meta property=\"og:locale\" content=\"en_US\" \/>\n<meta property=\"og:type\" content=\"article\" \/>\n<meta property=\"og:title\" content=\"Lid\u00e9, vila i\u00a0krm\u00edtko. Ptali jsme se lid\u00ed, pro\u010d jsou v\u00a0Bum\u00e1\u010di - Boomerang Communication\" \/>\n<meta property=\"og:description\" content=\"V sout\u011b\u017ei Agentura roku jsme se letos ocitli mezi nejlep\u0161\u00edmi zam\u011bstnavateli v&nbsp;oboru. Pot\u011b\u0161ilo n\u00e1s to, tak jsme se zeptali lid\u00ed z&nbsp;Boomerangu, pro\u010d tu pracuj\u00ed, a&nbsp;paleta d\u016fvod\u016f byla p\u0159ekvapiv\u011b pestr\u00e1. Jsme mago\u0159i, ale ne idioti Nejd\u016fle\u017eit\u011bj\u0161\u00ed d\u016fvod, pro\u010d pracovat v&nbsp;Boomerangu, jmenovalo 90&nbsp;% ze v\u0161ech zam\u011bstnanc\u016f. Jsou to kolegov\u00e9. Ka\u017ed\u00fd den chod\u00edme do pr\u00e1ce a&nbsp;t\u011b\u0161\u00edme se, \u017ee [&hellip;]\" \/>\n<meta property=\"og:url\" content=\"https:\/\/boomerang.agency\/en\/blog\/lide-vila-i-krmitko-ptali-jsme-se-lidi-proc-jsou-v-bumaci\/\" \/>\n<meta property=\"og:site_name\" content=\"Boomerang Communication\" \/>\n<meta property=\"article:modified_time\" content=\"2024-12-05T11:15:05+00:00\" \/>\n<meta property=\"og:image\" content=\"https:\/\/boomerang.agency\/wp-content\/uploads\/2023\/05\/microsoftteams-image.png\" \/>\n\t<meta property=\"og:image:width\" content=\"2160\" \/>\n\t<meta property=\"og:image:height\" content=\"1012\" \/>\n\t<meta property=\"og:image:type\" content=\"image\/png\" \/>\n<meta name=\"twitter:card\" content=\"summary_large_image\" \/>\n<meta name=\"twitter:label1\" content=\"Est. reading time\" \/>\n\t<meta name=\"twitter:data1\" content=\"4 minutes\" \/>\n<script type=\"application\/ld+json\" class=\"yoast-schema-graph\">{\"@context\":\"https:\/\/schema.org\",\"@graph\":[{\"@type\":\"WebPage\",\"@id\":\"https:\/\/boomerang.agency\/en\/blog\/lide-vila-i-krmitko-ptali-jsme-se-lidi-proc-jsou-v-bumaci\/\",\"url\":\"https:\/\/boomerang.agency\/en\/blog\/lide-vila-i-krmitko-ptali-jsme-se-lidi-proc-jsou-v-bumaci\/\",\"name\":\"Lid\u00e9, vila i\u00a0krm\u00edtko. Ptali jsme se lid\u00ed, pro\u010d jsou v\u00a0Bum\u00e1\u010di - Boomerang Communication\",\"isPartOf\":{\"@id\":\"https:\/\/boomerang.agency\/en\/#website\"},\"primaryImageOfPage\":{\"@id\":\"https:\/\/boomerang.agency\/en\/blog\/lide-vila-i-krmitko-ptali-jsme-se-lidi-proc-jsou-v-bumaci\/#primaryimage\"},\"image\":{\"@id\":\"https:\/\/boomerang.agency\/en\/blog\/lide-vila-i-krmitko-ptali-jsme-se-lidi-proc-jsou-v-bumaci\/#primaryimage\"},\"thumbnailUrl\":\"https:\/\/boomerang.agency\/wp-content\/uploads\/2023\/05\/microsoftteams-image.png\",\"datePublished\":\"2023-05-11T09:43:29+00:00\",\"dateModified\":\"2024-12-05T11:15:05+00:00\",\"breadcrumb\":{\"@id\":\"https:\/\/boomerang.agency\/en\/blog\/lide-vila-i-krmitko-ptali-jsme-se-lidi-proc-jsou-v-bumaci\/#breadcrumb\"},\"inLanguage\":\"en-US\",\"potentialAction\":[{\"@type\":\"ReadAction\",\"target\":[\"https:\/\/boomerang.agency\/en\/blog\/lide-vila-i-krmitko-ptali-jsme-se-lidi-proc-jsou-v-bumaci\/\"]}]},{\"@type\":\"ImageObject\",\"inLanguage\":\"en-US\",\"@id\":\"https:\/\/boomerang.agency\/en\/blog\/lide-vila-i-krmitko-ptali-jsme-se-lidi-proc-jsou-v-bumaci\/#primaryimage\",\"url\":\"https:\/\/boomerang.agency\/wp-content\/uploads\/2023\/05\/microsoftteams-image.png\",\"contentUrl\":\"https:\/\/boomerang.agency\/wp-content\/uploads\/2023\/05\/microsoftteams-image.png\",\"width\":2160,\"height\":1012},{\"@type\":\"BreadcrumbList\",\"@id\":\"https:\/\/boomerang.agency\/en\/blog\/lide-vila-i-krmitko-ptali-jsme-se-lidi-proc-jsou-v-bumaci\/#breadcrumb\",\"itemListElement\":[{\"@type\":\"ListItem\",\"position\":1,\"name\":\"Dom\u016f\",\"item\":\"https:\/\/boomerang.agency\/en\/\"},{\"@type\":\"ListItem\",\"position\":2,\"name\":\"Blog\",\"item\":\"https:\/\/boomerang.agency\/en\/blog\/\"},{\"@type\":\"ListItem\",\"position\":3,\"name\":\"Lid\u00e9, vila i\u00a0krm\u00edtko. Ptali jsme se lid\u00ed, pro\u010d jsou v\u00a0Bum\u00e1\u010di\"}]},{\"@type\":\"WebSite\",\"@id\":\"https:\/\/boomerang.agency\/en\/#website\",\"url\":\"https:\/\/boomerang.agency\/en\/\",\"name\":\"Boomerang Communication\",\"description\":\"Boomerang Communication - strategie, obsahov\u00fd marketing a reklama\",\"potentialAction\":[{\"@type\":\"SearchAction\",\"target\":{\"@type\":\"EntryPoint\",\"urlTemplate\":\"https:\/\/boomerang.agency\/en\/?s={search_term_string}\"},\"query-input\":{\"@type\":\"PropertyValueSpecification\",\"valueRequired\":true,\"valueName\":\"search_term_string\"}}],\"inLanguage\":\"en-US\"}]}<\/script>\n<!-- \/ Yoast SEO plugin. -->","yoast_head_json":{"title":"Lid\u00e9, vila i\u00a0krm\u00edtko. Ptali jsme se lid\u00ed, pro\u010d jsou v\u00a0Bum\u00e1\u010di - Boomerang Communication","robots":{"index":"index","follow":"follow","max-snippet":"max-snippet:-1","max-image-preview":"max-image-preview:large","max-video-preview":"max-video-preview:-1"},"canonical":"https:\/\/boomerang.agency\/en\/blog\/lide-vila-i-krmitko-ptali-jsme-se-lidi-proc-jsou-v-bumaci\/","og_locale":"en_US","og_type":"article","og_title":"Lid\u00e9, vila i\u00a0krm\u00edtko. Ptali jsme se lid\u00ed, pro\u010d jsou v\u00a0Bum\u00e1\u010di - Boomerang Communication","og_description":"V sout\u011b\u017ei Agentura roku jsme se letos ocitli mezi nejlep\u0161\u00edmi zam\u011bstnavateli v&nbsp;oboru. Pot\u011b\u0161ilo n\u00e1s to, tak jsme se zeptali lid\u00ed z&nbsp;Boomerangu, pro\u010d tu pracuj\u00ed, a&nbsp;paleta d\u016fvod\u016f byla p\u0159ekvapiv\u011b pestr\u00e1. Jsme mago\u0159i, ale ne idioti Nejd\u016fle\u017eit\u011bj\u0161\u00ed d\u016fvod, pro\u010d pracovat v&nbsp;Boomerangu, jmenovalo 90&nbsp;% ze v\u0161ech zam\u011bstnanc\u016f. Jsou to kolegov\u00e9. Ka\u017ed\u00fd den chod\u00edme do pr\u00e1ce a&nbsp;t\u011b\u0161\u00edme se, \u017ee [&hellip;]","og_url":"https:\/\/boomerang.agency\/en\/blog\/lide-vila-i-krmitko-ptali-jsme-se-lidi-proc-jsou-v-bumaci\/","og_site_name":"Boomerang Communication","article_modified_time":"2024-12-05T11:15:05+00:00","og_image":[{"width":2160,"height":1012,"url":"https:\/\/boomerang.agency\/wp-content\/uploads\/2023\/05\/microsoftteams-image.png","type":"image\/png"}],"twitter_card":"summary_large_image","twitter_misc":{"Est. reading time":"4 minutes"},"schema":{"@context":"https:\/\/schema.org","@graph":[{"@type":"WebPage","@id":"https:\/\/boomerang.agency\/en\/blog\/lide-vila-i-krmitko-ptali-jsme-se-lidi-proc-jsou-v-bumaci\/","url":"https:\/\/boomerang.agency\/en\/blog\/lide-vila-i-krmitko-ptali-jsme-se-lidi-proc-jsou-v-bumaci\/","name":"Lid\u00e9, vila i\u00a0krm\u00edtko. Ptali jsme se lid\u00ed, pro\u010d jsou v\u00a0Bum\u00e1\u010di - Boomerang Communication","isPartOf":{"@id":"https:\/\/boomerang.agency\/en\/#website"},"primaryImageOfPage":{"@id":"https:\/\/boomerang.agency\/en\/blog\/lide-vila-i-krmitko-ptali-jsme-se-lidi-proc-jsou-v-bumaci\/#primaryimage"},"image":{"@id":"https:\/\/boomerang.agency\/en\/blog\/lide-vila-i-krmitko-ptali-jsme-se-lidi-proc-jsou-v-bumaci\/#primaryimage"},"thumbnailUrl":"https:\/\/boomerang.agency\/wp-content\/uploads\/2023\/05\/microsoftteams-image.png","datePublished":"2023-05-11T09:43:29+00:00","dateModified":"2024-12-05T11:15:05+00:00","breadcrumb":{"@id":"https:\/\/boomerang.agency\/en\/blog\/lide-vila-i-krmitko-ptali-jsme-se-lidi-proc-jsou-v-bumaci\/#breadcrumb"},"inLanguage":"en-US","potentialAction":[{"@type":"ReadAction","target":["https:\/\/boomerang.agency\/en\/blog\/lide-vila-i-krmitko-ptali-jsme-se-lidi-proc-jsou-v-bumaci\/"]}]},{"@type":"ImageObject","inLanguage":"en-US","@id":"https:\/\/boomerang.agency\/en\/blog\/lide-vila-i-krmitko-ptali-jsme-se-lidi-proc-jsou-v-bumaci\/#primaryimage","url":"https:\/\/boomerang.agency\/wp-content\/uploads\/2023\/05\/microsoftteams-image.png","contentUrl":"https:\/\/boomerang.agency\/wp-content\/uploads\/2023\/05\/microsoftteams-image.png","width":2160,"height":1012},{"@type":"BreadcrumbList","@id":"https:\/\/boomerang.agency\/en\/blog\/lide-vila-i-krmitko-ptali-jsme-se-lidi-proc-jsou-v-bumaci\/#breadcrumb","itemListElement":[{"@type":"ListItem","position":1,"name":"Dom\u016f","item":"https:\/\/boomerang.agency\/en\/"},{"@type":"ListItem","position":2,"name":"Blog","item":"https:\/\/boomerang.agency\/en\/blog\/"},{"@type":"ListItem","position":3,"name":"Lid\u00e9, vila i\u00a0krm\u00edtko. Ptali jsme se lid\u00ed, pro\u010d jsou v\u00a0Bum\u00e1\u010di"}]},{"@type":"WebSite","@id":"https:\/\/boomerang.agency\/en\/#website","url":"https:\/\/boomerang.agency\/en\/","name":"Boomerang Communication","description":"Boomerang Communication - strategie, obsahov\u00fd marketing a reklama","potentialAction":[{"@type":"SearchAction","target":{"@type":"EntryPoint","urlTemplate":"https:\/\/boomerang.agency\/en\/?s={search_term_string}"},"query-input":{"@type":"PropertyValueSpecification","valueRequired":true,"valueName":"search_term_string"}}],"inLanguage":"en-US"}]}},"_links":{"self":[{"href":"https:\/\/boomerang.agency\/en\/wp-json\/wp\/v2\/blog_article\/3139","targetHints":{"allow":["GET"]}}],"collection":[{"href":"https:\/\/boomerang.agency\/en\/wp-json\/wp\/v2\/blog_article"}],"about":[{"href":"https:\/\/boomerang.agency\/en\/wp-json\/wp\/v2\/types\/blog_article"}],"version-history":[{"count":23,"href":"https:\/\/boomerang.agency\/en\/wp-json\/wp\/v2\/blog_article\/3139\/revisions"}],"predecessor-version":[{"id":4326,"href":"https:\/\/boomerang.agency\/en\/wp-json\/wp\/v2\/blog_article\/3139\/revisions\/4326"}],"wp:featuredmedia":[{"embeddable":true,"href":"https:\/\/boomerang.agency\/en\/wp-json\/wp\/v2\/media\/3140"}],"wp:attachment":[{"href":"https:\/\/boomerang.agency\/en\/wp-json\/wp\/v2\/media?parent=3139"}],"wp:term":[{"taxonomy":"serial","embeddable":true,"href":"https:\/\/boomerang.agency\/en\/wp-json\/wp\/v2\/serial?post=3139"}],"curies":[{"name":"wp","href":"https:\/\/api.w.org\/{rel}","templated":true}]}}