{"id":2441,"date":"2022-08-31T12:00:46","date_gmt":"2022-08-31T10:00:46","guid":{"rendered":"https:\/\/boomerang.agency\/?post_type=blog_article&#038;p=2441"},"modified":"2024-12-05T13:16:27","modified_gmt":"2024-12-05T11:16:27","slug":"vem-si-to-na-hrb-s-radegastem-a-velbloudy-do-horkeho-boje-o-vodu","status":"publish","type":"blog_article","link":"https:\/\/boomerang.agency\/en\/blog\/vem-si-to-na-hrb-s-radegastem-a-velbloudy-do-horkeho-boje-o-vodu\/","title":{"rendered":"Vem si to na hrb. S Radegastem a\u00a0velbloudy do ho\u0159k\u00e9ho boje o\u00a0vodu"},"content":{"rendered":"\r\n<p class=\"p1\"><strong>Sucho. Ho\u0159k\u00fd term\u00edn sklo\u0148ovan\u00fd \u010d\u00edm d\u00e1l \u010dast\u011bji. Hladiny podzemn\u00edch vod klesaj\u00ed a&nbsp;v&nbsp;dlouh\u00fdch dnech bez sr\u00e1\u017eek ztr\u00e1c\u00ed p\u016fda schopnost absorbovat de\u0161\u0165ovou vodu, tak\u017ee p\u0159i p\u0159eh\u00e1\u0148k\u00e1ch odte\u010de a&nbsp;zmiz\u00ed z&nbsp;krajiny. M\u00e1lokdo by cht\u011bl, aby se \u010desk\u00e9 luhy a&nbsp;h\u00e1je prom\u011bnily na pou\u0161\u0165 a&nbsp;z&nbsp;pejska\u0159\u016f se stali velbloud\u00e1\u0159i.<span class=\"Apple-converted-space\">\u00a0<\/span><\/strong><\/p>\r\n\r\n\r\n\r\n<p class=\"p1\">O tom, jak je d\u016fle\u017eit\u00e9 o&nbsp;vodu v&nbsp;krajin\u011b bojovat, v\u00ed i&nbsp;n\u00e1\u0161 klient pivovar Radegast, pro kter\u00fd jsme letos u\u017e t\u0159et\u00edm rokem chystali kampa\u0148 na t\u00e9ma \u00faspora a&nbsp;zachov\u00e1n\u00ed vody v&nbsp;krajin\u011b. <span class=\"Apple-converted-space\">\u00a0<\/span><\/p>\r\n\r\n\r\n\r\n\r\n\r\n<div class=\"wp-block-group\">\r\n<div class=\"wp-block-group__inner-container is-layout-flow wp-block-group-is-layout-flow\">\r\n<div class=\"wp-block-group\">\r\n<div class=\"wp-block-group__inner-container is-layout-flow wp-block-group-is-layout-flow\">\r\n<div class=\"wp-block-group\">\r\n<div class=\"wp-block-group__inner-container is-layout-flow wp-block-group-is-layout-flow\">\r\n<div class=\"wp-block-group has-vivid-red-background-color has-text-color has-background\" style=\"color: #ffffff;\">\r\n<div class=\"wp-block-group__inner-container is-layout-flow wp-block-group-is-layout-flow\">\r\n<h2 class=\"has-text-align-left wp-block-heading\">Krajina n\u00e1m nen\u00ed ukraden\u00e1<\/h2>\r\n\r\n\r\n\r\n<p class=\"has-text-align-left\">Zaj\u00edm\u00e1 v\u00e1s, pro\u010d si t\u00e9ma vody vybral pr\u00e1v\u011b Radegast? D\u016fvod\u016f je n\u011bkolik. V&nbsp;domovsk\u00e9m pivovaru v&nbsp;No\u0161ovic\u00edch u\u017e v\u00edce jak 14 let pracuj\u00ed na sn\u00ed\u017een\u00ed spot\u0159eby vody p\u0159i va\u0159en\u00ed piva. A&nbsp;za tu dobu se jim povedlo sn\u00ed\u017eit spot\u0159ebu o&nbsp;v\u00edce ne\u017e 40&nbsp;%. Na jeden p\u016fllitr piva spot\u0159ebuj\u00ed pouze 1,205 l vody, oproti pr\u016fm\u011brn\u00fdm 1,5 a\u017e 2 litr\u016fm v&nbsp;jin\u00fdch pivovarech. Spr\u00e1vn\u011b ho\u0159k\u00fd pivovar tak pat\u0159\u00ed mezi sv\u011btovou \u0161pi\u010dku v&nbsp;\u00faspo\u0159e vody p\u0159i va\u0159en\u00ed piva. Vedle \u00faspory vody v&nbsp;pivovaru podporuje Radegast tak\u00e9 \u0159adu region\u00e1ln\u00edch projekt\u016f, t\u00fdkaj\u00edc\u00edch se p\u00e9\u010de o&nbsp;krajinu a&nbsp;zadr\u017eov\u00e1ni vody v&nbsp;n\u00ed.<\/p>\r\n<\/div>\r\n<\/div>\r\n<\/div>\r\n<\/div>\r\n<\/div>\r\n<\/div>\r\n<\/div>\r\n<\/div>\r\n<p>&nbsp;<\/p>\r\n\r\n<p class=\"p1\">V leto\u0161n\u00ed kampani, kter\u00e1 nese slogan Vezmi si na hrb boj o&nbsp;vodu, pracujeme s&nbsp;velbloudy. Ty jsme si vybrali, proto\u017ee dokonale symbolizuj\u00ed sucho a&nbsp;pou\u0161t\u011b, ve kter\u00e9 se s&nbsp;trochou nads\u00e1zky m\u016f\u017ee na\u0161e republika prom\u011bnit, pokud se ka\u017ed\u00fd z&nbsp;n\u00e1s do boje o&nbsp;vodu nezapoj\u00ed.<span class=\"Apple-converted-space\">\u00a0<\/span><\/p>\r\n\r\n\r\n\r\n<p class=\"p1\">Proto jsme v&nbsp;r\u00e1mci Sv\u011btov\u00e9ho dne boje proti suchu a&nbsp;roz\u0161i\u0159ov\u00e1n\u00ed pou\u0161t\u00ed 17.&nbsp;\u010dervna vyzvali lidi, aby si vzali na hrb boj o&nbsp;vodu. U\u017e den p\u0159ed t\u00edm, ve \u010dtvrtek, se v&nbsp;ulic\u00edch Prahy a&nbsp;Ostravy proch\u00e1zeli velbloudi, kte\u0159\u00ed m\u011bli p\u0159ed Radegastovnami na problematiku \u0161et\u0159en\u00ed vody a&nbsp;jej\u00edho zadr\u017eov\u00e1n\u00ed v&nbsp;krajin\u011b upozornit. Ostatn\u011b pracovat pro Radegast je n\u011bkdy p\u011bkn\u00e1 divo\u010dina. Do spot\u016f u\u017e jsme obsadili vlka i&nbsp;medv\u011bda.<span class=\"Apple-converted-space\">\u00a0<\/span><\/p>\r\n\r\n<p><img loading=\"lazy\" decoding=\"async\" class=\"alignnone size-full wp-image-2453 img-fluid\" src=\"https:\/\/boomerang.agency\/wp-content\/uploads\/2022\/08\/microsoftteams-image.jpg\" alt=\"\" width=\"1800\" height=\"1200\" srcset=\"https:\/\/boomerang.agency\/wp-content\/uploads\/2022\/08\/microsoftteams-image.jpg 1800w, https:\/\/boomerang.agency\/wp-content\/uploads\/2022\/08\/microsoftteams-image-300x200.jpg 300w, https:\/\/boomerang.agency\/wp-content\/uploads\/2022\/08\/microsoftteams-image-1024x683.jpg 1024w, https:\/\/boomerang.agency\/wp-content\/uploads\/2022\/08\/microsoftteams-image-768x512.jpg 768w, https:\/\/boomerang.agency\/wp-content\/uploads\/2022\/08\/microsoftteams-image-1536x1024.jpg 1536w, https:\/\/boomerang.agency\/wp-content\/uploads\/2022\/08\/microsoftteams-image-640x427.jpg 640w, https:\/\/boomerang.agency\/wp-content\/uploads\/2022\/08\/microsoftteams-image-1280x853.jpg 1280w\" sizes=\"auto, (max-width: 1800px) 100vw, 1800px\" \/><\/p>\r\n\r\n<p class=\"p1\">Fanou\u0161ci se mohli do prvn\u00ed \u010d\u00e1sti kampan\u011b zapojit na str\u00e1nce <a href=\"http:\/\/radegast.cz\/bojovodu\" target=\"_blank\" rel=\"noopener\">radegast.cz\/bojovodu<\/a> a&nbsp;po dobu deseti dn\u00ed tam nahr\u00e1vat \u00fa\u010dtenky s&nbsp;n\u00e1kupem piva Radegast. Za ka\u017edou vlo\u017eenou \u00fa\u010dtenku pivovar Radegast po\u0159\u00eddil zavla\u017eovac\u00ed vak ke strom\u016fm do nejsu\u0161\u0161\u00edch m\u00edst \u010cesk\u00e9 republiky.<span class=\"Apple-converted-space\">\u00a0<\/span><\/p>\r\n\r\n\r\n\r\n<p class=\"p1\">Kampa\u0148 pokra\u010dovala dal\u0161\u00ed f\u00e1z\u00ed, ve kter\u00e9 b\u011bhem cel\u00e9ho l\u00e9ta mohli fanou\u0161ci p\u0159ijmout n\u011bkterou z&nbsp;dal\u0161\u00edch v\u00fdzev \u2013 nap\u0159\u00edklad utahovat kohoutky, neholit se nebo vyl\u00edt kbel\u00edk vody do p\u0159\u00edrody.<span class=\"Apple-converted-space\">\u00a0<\/span><\/p>\r\n\r\n\r\n\r\n<p class=\"p1\">Do kampan\u011b se zapojili tak\u00e9 influence\u0159i, kte\u0159\u00ed p\u0159ij\u00edmali v\u00fdzvy dle sv\u00e9ho vlastn\u00edho uv\u00e1\u017een\u00ed a&nbsp;sd\u00edleli jejich pln\u011bn\u00ed na soci\u00e1ln\u00edch s\u00edt\u00edch. Mezi zapojen\u00fdmi influencery jsou nap\u0159\u00edklad moder\u00e1to\u0159i <a href=\"https:\/\/www.instagram.com\/p\/CgvyX7fFHH8\/\" target=\"_blank\" rel=\"noopener\"><span class=\"s1\">Tom\u00e1\u0161 Z\u00e1st\u011bra<\/span><\/a>, <a href=\"https:\/\/www.instagram.com\/p\/Chz8WwfrVPo\/\" target=\"_blank\" rel=\"noopener\"><span class=\"s1\">Petr \u0158\u00edbal<\/span><\/a> a&nbsp;Ondra Urban nebo yotube\u0159i <a href=\"https:\/\/www.instagram.com\/p\/ChmnLXaPWqN\/\" target=\"_blank\" rel=\"noopener\"><span class=\"s1\">Stejk<\/span><\/a> a&nbsp;<a href=\"https:\/\/www.instagram.com\/p\/Chus7yUDZH_\/\" target=\"_blank\" rel=\"noopener\"><span class=\"s1\">Veve<\/span><\/a> ze Survivoru.<span class=\"Apple-converted-space\">\u00a0<\/span><\/p>\r\n","protected":false},"excerpt":{"rendered":"<p>Sucho. Ho\u0159k\u00fd term\u00edn sklo\u0148ovan\u00fd \u010d\u00edm d\u00e1l \u010dast\u011bji. Hladiny podzemn\u00edch vod klesaj\u00ed a&nbsp;v&nbsp;dlouh\u00fdch dnech bez sr\u00e1\u017eek ztr\u00e1c\u00ed p\u016fda schopnost absorbovat de\u0161\u0165ovou vodu, tak\u017ee p\u0159i p\u0159eh\u00e1\u0148k\u00e1ch odte\u010de a&nbsp;zmiz\u00ed z&nbsp;krajiny. M\u00e1lokdo by cht\u011bl, aby se \u010desk\u00e9 luhy a&nbsp;h\u00e1je prom\u011bnily na pou\u0161\u0165 a&nbsp;z&nbsp;pejska\u0159\u016f se stali velbloud\u00e1\u0159i.\u00a0 O tom, jak je d\u016fle\u017eit\u00e9 o&nbsp;vodu v&nbsp;krajin\u011b bojovat, v\u00ed i&nbsp;n\u00e1\u0161 klient pivovar Radegast, [&hellip;]<\/p>\n","protected":false},"featured_media":2442,"menu_order":0,"template":"","serial":[],"class_list":["post-2441","blog_article","type-blog_article","status-publish","has-post-thumbnail","hentry"],"acf":[],"yoast_head":"<!-- This site is optimized with the Yoast SEO plugin v27.1 - https:\/\/yoast.com\/product\/yoast-seo-wordpress\/ -->\n<title>Vem si to na hrb. S Radegastem a\u00a0velbloudy do ho\u0159k\u00e9ho boje o\u00a0vodu - Boomerang Communication<\/title>\n<meta name=\"description\" content=\"Radegast znovu vyt\u00e1hl do boje proti devastuj\u00edc\u00edmu suchu a Boomerang mu v\u011brn\u011b st\u00e1l po boku.\" \/>\n<meta name=\"robots\" content=\"index, follow, max-snippet:-1, max-image-preview:large, max-video-preview:-1\" \/>\n<link rel=\"canonical\" href=\"https:\/\/boomerang.agency\/en\/blog\/vem-si-to-na-hrb-s-radegastem-a-velbloudy-do-horkeho-boje-o-vodu\/\" \/>\n<meta property=\"og:locale\" content=\"en_US\" \/>\n<meta property=\"og:type\" content=\"article\" \/>\n<meta property=\"og:title\" content=\"Vem si to na hrb. S Radegastem a\u00a0velbloudy do ho\u0159k\u00e9ho boje o\u00a0vodu - Boomerang Communication\" \/>\n<meta property=\"og:description\" content=\"Radegast znovu vyt\u00e1hl do boje proti devastuj\u00edc\u00edmu suchu a Boomerang mu v\u011brn\u011b st\u00e1l po boku.\" \/>\n<meta property=\"og:url\" content=\"https:\/\/boomerang.agency\/en\/blog\/vem-si-to-na-hrb-s-radegastem-a-velbloudy-do-horkeho-boje-o-vodu\/\" \/>\n<meta property=\"og:site_name\" content=\"Boomerang Communication\" \/>\n<meta property=\"article:modified_time\" content=\"2024-12-05T11:16:27+00:00\" \/>\n<meta property=\"og:image\" content=\"https:\/\/boomerang.agency\/wp-content\/uploads\/2022\/08\/microsoftteams-image-1.jpg\" \/>\n\t<meta property=\"og:image:width\" content=\"1800\" \/>\n\t<meta property=\"og:image:height\" content=\"1200\" \/>\n\t<meta property=\"og:image:type\" content=\"image\/jpeg\" \/>\n<meta name=\"twitter:card\" content=\"summary_large_image\" \/>\n<meta name=\"twitter:label1\" content=\"Est. reading time\" \/>\n\t<meta name=\"twitter:data1\" content=\"3 minutes\" \/>\n<script type=\"application\/ld+json\" class=\"yoast-schema-graph\">{\"@context\":\"https:\/\/schema.org\",\"@graph\":[{\"@type\":\"WebPage\",\"@id\":\"https:\/\/boomerang.agency\/en\/blog\/vem-si-to-na-hrb-s-radegastem-a-velbloudy-do-horkeho-boje-o-vodu\/\",\"url\":\"https:\/\/boomerang.agency\/en\/blog\/vem-si-to-na-hrb-s-radegastem-a-velbloudy-do-horkeho-boje-o-vodu\/\",\"name\":\"Vem si to na hrb. S Radegastem a\u00a0velbloudy do ho\u0159k\u00e9ho boje o\u00a0vodu - Boomerang Communication\",\"isPartOf\":{\"@id\":\"https:\/\/boomerang.agency\/en\/#website\"},\"primaryImageOfPage\":{\"@id\":\"https:\/\/boomerang.agency\/en\/blog\/vem-si-to-na-hrb-s-radegastem-a-velbloudy-do-horkeho-boje-o-vodu\/#primaryimage\"},\"image\":{\"@id\":\"https:\/\/boomerang.agency\/en\/blog\/vem-si-to-na-hrb-s-radegastem-a-velbloudy-do-horkeho-boje-o-vodu\/#primaryimage\"},\"thumbnailUrl\":\"https:\/\/boomerang.agency\/wp-content\/uploads\/2022\/08\/microsoftteams-image-1.jpg\",\"datePublished\":\"2022-08-31T10:00:46+00:00\",\"dateModified\":\"2024-12-05T11:16:27+00:00\",\"description\":\"Radegast znovu vyt\u00e1hl do boje proti devastuj\u00edc\u00edmu suchu a Boomerang mu v\u011brn\u011b st\u00e1l po boku.\",\"breadcrumb\":{\"@id\":\"https:\/\/boomerang.agency\/en\/blog\/vem-si-to-na-hrb-s-radegastem-a-velbloudy-do-horkeho-boje-o-vodu\/#breadcrumb\"},\"inLanguage\":\"en-US\",\"potentialAction\":[{\"@type\":\"ReadAction\",\"target\":[\"https:\/\/boomerang.agency\/en\/blog\/vem-si-to-na-hrb-s-radegastem-a-velbloudy-do-horkeho-boje-o-vodu\/\"]}]},{\"@type\":\"ImageObject\",\"inLanguage\":\"en-US\",\"@id\":\"https:\/\/boomerang.agency\/en\/blog\/vem-si-to-na-hrb-s-radegastem-a-velbloudy-do-horkeho-boje-o-vodu\/#primaryimage\",\"url\":\"https:\/\/boomerang.agency\/wp-content\/uploads\/2022\/08\/microsoftteams-image-1.jpg\",\"contentUrl\":\"https:\/\/boomerang.agency\/wp-content\/uploads\/2022\/08\/microsoftteams-image-1.jpg\",\"width\":1800,\"height\":1200},{\"@type\":\"BreadcrumbList\",\"@id\":\"https:\/\/boomerang.agency\/en\/blog\/vem-si-to-na-hrb-s-radegastem-a-velbloudy-do-horkeho-boje-o-vodu\/#breadcrumb\",\"itemListElement\":[{\"@type\":\"ListItem\",\"position\":1,\"name\":\"Dom\u016f\",\"item\":\"https:\/\/boomerang.agency\/en\/\"},{\"@type\":\"ListItem\",\"position\":2,\"name\":\"Blog\",\"item\":\"https:\/\/boomerang.agency\/en\/blog\/\"},{\"@type\":\"ListItem\",\"position\":3,\"name\":\"Vem si to na hrb. S Radegastem a\u00a0velbloudy do ho\u0159k\u00e9ho boje o\u00a0vodu\"}]},{\"@type\":\"WebSite\",\"@id\":\"https:\/\/boomerang.agency\/en\/#website\",\"url\":\"https:\/\/boomerang.agency\/en\/\",\"name\":\"Boomerang Communication\",\"description\":\"Boomerang Communication - strategie, obsahov\u00fd marketing a reklama\",\"potentialAction\":[{\"@type\":\"SearchAction\",\"target\":{\"@type\":\"EntryPoint\",\"urlTemplate\":\"https:\/\/boomerang.agency\/en\/?s={search_term_string}\"},\"query-input\":{\"@type\":\"PropertyValueSpecification\",\"valueRequired\":true,\"valueName\":\"search_term_string\"}}],\"inLanguage\":\"en-US\"}]}<\/script>\n<!-- \/ Yoast SEO plugin. -->","yoast_head_json":{"title":"Vem si to na hrb. S Radegastem a\u00a0velbloudy do ho\u0159k\u00e9ho boje o\u00a0vodu - Boomerang Communication","description":"Radegast znovu vyt\u00e1hl do boje proti devastuj\u00edc\u00edmu suchu a Boomerang mu v\u011brn\u011b st\u00e1l po boku.","robots":{"index":"index","follow":"follow","max-snippet":"max-snippet:-1","max-image-preview":"max-image-preview:large","max-video-preview":"max-video-preview:-1"},"canonical":"https:\/\/boomerang.agency\/en\/blog\/vem-si-to-na-hrb-s-radegastem-a-velbloudy-do-horkeho-boje-o-vodu\/","og_locale":"en_US","og_type":"article","og_title":"Vem si to na hrb. S Radegastem a\u00a0velbloudy do ho\u0159k\u00e9ho boje o\u00a0vodu - Boomerang Communication","og_description":"Radegast znovu vyt\u00e1hl do boje proti devastuj\u00edc\u00edmu suchu a Boomerang mu v\u011brn\u011b st\u00e1l po boku.","og_url":"https:\/\/boomerang.agency\/en\/blog\/vem-si-to-na-hrb-s-radegastem-a-velbloudy-do-horkeho-boje-o-vodu\/","og_site_name":"Boomerang Communication","article_modified_time":"2024-12-05T11:16:27+00:00","og_image":[{"width":1800,"height":1200,"url":"https:\/\/boomerang.agency\/wp-content\/uploads\/2022\/08\/microsoftteams-image-1.jpg","type":"image\/jpeg"}],"twitter_card":"summary_large_image","twitter_misc":{"Est. reading time":"3 minutes"},"schema":{"@context":"https:\/\/schema.org","@graph":[{"@type":"WebPage","@id":"https:\/\/boomerang.agency\/en\/blog\/vem-si-to-na-hrb-s-radegastem-a-velbloudy-do-horkeho-boje-o-vodu\/","url":"https:\/\/boomerang.agency\/en\/blog\/vem-si-to-na-hrb-s-radegastem-a-velbloudy-do-horkeho-boje-o-vodu\/","name":"Vem si to na hrb. S Radegastem a\u00a0velbloudy do ho\u0159k\u00e9ho boje o\u00a0vodu - Boomerang Communication","isPartOf":{"@id":"https:\/\/boomerang.agency\/en\/#website"},"primaryImageOfPage":{"@id":"https:\/\/boomerang.agency\/en\/blog\/vem-si-to-na-hrb-s-radegastem-a-velbloudy-do-horkeho-boje-o-vodu\/#primaryimage"},"image":{"@id":"https:\/\/boomerang.agency\/en\/blog\/vem-si-to-na-hrb-s-radegastem-a-velbloudy-do-horkeho-boje-o-vodu\/#primaryimage"},"thumbnailUrl":"https:\/\/boomerang.agency\/wp-content\/uploads\/2022\/08\/microsoftteams-image-1.jpg","datePublished":"2022-08-31T10:00:46+00:00","dateModified":"2024-12-05T11:16:27+00:00","description":"Radegast znovu vyt\u00e1hl do boje proti devastuj\u00edc\u00edmu suchu a Boomerang mu v\u011brn\u011b st\u00e1l po boku.","breadcrumb":{"@id":"https:\/\/boomerang.agency\/en\/blog\/vem-si-to-na-hrb-s-radegastem-a-velbloudy-do-horkeho-boje-o-vodu\/#breadcrumb"},"inLanguage":"en-US","potentialAction":[{"@type":"ReadAction","target":["https:\/\/boomerang.agency\/en\/blog\/vem-si-to-na-hrb-s-radegastem-a-velbloudy-do-horkeho-boje-o-vodu\/"]}]},{"@type":"ImageObject","inLanguage":"en-US","@id":"https:\/\/boomerang.agency\/en\/blog\/vem-si-to-na-hrb-s-radegastem-a-velbloudy-do-horkeho-boje-o-vodu\/#primaryimage","url":"https:\/\/boomerang.agency\/wp-content\/uploads\/2022\/08\/microsoftteams-image-1.jpg","contentUrl":"https:\/\/boomerang.agency\/wp-content\/uploads\/2022\/08\/microsoftteams-image-1.jpg","width":1800,"height":1200},{"@type":"BreadcrumbList","@id":"https:\/\/boomerang.agency\/en\/blog\/vem-si-to-na-hrb-s-radegastem-a-velbloudy-do-horkeho-boje-o-vodu\/#breadcrumb","itemListElement":[{"@type":"ListItem","position":1,"name":"Dom\u016f","item":"https:\/\/boomerang.agency\/en\/"},{"@type":"ListItem","position":2,"name":"Blog","item":"https:\/\/boomerang.agency\/en\/blog\/"},{"@type":"ListItem","position":3,"name":"Vem si to na hrb. S Radegastem a\u00a0velbloudy do ho\u0159k\u00e9ho boje o\u00a0vodu"}]},{"@type":"WebSite","@id":"https:\/\/boomerang.agency\/en\/#website","url":"https:\/\/boomerang.agency\/en\/","name":"Boomerang Communication","description":"Boomerang Communication - strategie, obsahov\u00fd marketing a reklama","potentialAction":[{"@type":"SearchAction","target":{"@type":"EntryPoint","urlTemplate":"https:\/\/boomerang.agency\/en\/?s={search_term_string}"},"query-input":{"@type":"PropertyValueSpecification","valueRequired":true,"valueName":"search_term_string"}}],"inLanguage":"en-US"}]}},"_links":{"self":[{"href":"https:\/\/boomerang.agency\/en\/wp-json\/wp\/v2\/blog_article\/2441","targetHints":{"allow":["GET"]}}],"collection":[{"href":"https:\/\/boomerang.agency\/en\/wp-json\/wp\/v2\/blog_article"}],"about":[{"href":"https:\/\/boomerang.agency\/en\/wp-json\/wp\/v2\/types\/blog_article"}],"version-history":[{"count":40,"href":"https:\/\/boomerang.agency\/en\/wp-json\/wp\/v2\/blog_article\/2441\/revisions"}],"predecessor-version":[{"id":4328,"href":"https:\/\/boomerang.agency\/en\/wp-json\/wp\/v2\/blog_article\/2441\/revisions\/4328"}],"wp:featuredmedia":[{"embeddable":true,"href":"https:\/\/boomerang.agency\/en\/wp-json\/wp\/v2\/media\/2442"}],"wp:attachment":[{"href":"https:\/\/boomerang.agency\/en\/wp-json\/wp\/v2\/media?parent=2441"}],"wp:term":[{"taxonomy":"serial","embeddable":true,"href":"https:\/\/boomerang.agency\/en\/wp-json\/wp\/v2\/serial?post=2441"}],"curies":[{"name":"wp","href":"https:\/\/api.w.org\/{rel}","templated":true}]}}