{"id":2286,"date":"2022-05-09T13:12:00","date_gmt":"2022-05-09T11:12:00","guid":{"rendered":"https:\/\/boomerang.agency\/?post_type=blog_article&#038;p=2286"},"modified":"2023-02-03T14:12:29","modified_gmt":"2023-02-03T12:12:29","slug":"nase-deti-toho-o-nas-vedi-nejvic-nova-kampan-flexi-je-velkou-show-malych-hercu","status":"publish","type":"blog_article","link":"https:\/\/boomerang.agency\/en\/blog\/nase-deti-toho-o-nas-vedi-nejvic-nova-kampan-flexi-je-velkou-show-malych-hercu\/","title":{"rendered":"Na\u0161e d\u011bti toho o n\u00e1s v\u011bd\u00ed nejv\u00edc. Nov\u00e1 kampa\u0148 FLEXI je velkou show mal\u00fdch herc\u016f"},"content":{"rendered":"<strong><span class=\"TextRun MacChromeBold SCXW234391640 BCX9\" lang=\"CS-CZ\" xml:lang=\"CS-CZ\" data-contrast=\"auto\"><span class=\"NormalTextRun SCXW234391640 BCX9\">Zna\u010dka FLEXI od Kooperativy pot\u0159ebovala nov\u00fd komunika\u010dn\u00ed koncept. Proto jsme spole\u010dn\u011b s\u202fklientem a&nbsp;v\u00fdzkumnou agenturou za\u010dali hledat siln\u00e9 sd\u011blen\u00ed, kter\u00e9 by vtipn\u011b pouk\u00e1zalo na nevhodn\u00e9 a&nbsp;nezdrav\u00e9 n\u00e1vyky \u010cech\u016f. A&nbsp;nakonec jsme ho na\u0161li doma \u2013 u&nbsp;sv\u00fdch d\u011bt\u00ed. Ty toti\u017e zrcadl\u00ed n\u00e1s, dosp\u011bl\u00e9, dokonale.<\/span><\/span><span class=\"EOP SCXW234391640 BCX9\" data-ccp-props=\"{&quot;335551550&quot;:6,&quot;335551620&quot;:6,&quot;335559740&quot;:360}\">\u00a0<\/span><\/strong>\r\n\r\n<span data-contrast=\"auto\">Nat\u00e1\u010den\u00ed s\u202fd\u011btmi je jedna z\u202fnejslo\u017eit\u011bj\u0161\u00edch reklamn\u00edch discipl\u00edn. Mal\u00ed herci jsou toti\u017e velmi spont\u00e1nn\u00ed a&nbsp;\u010dasto si hraj\u00ed po sv\u00e9m. Museli jsme tedy nejd\u0159\u00edv naj\u00edt n\u011bkoho, kdo s\u202fnimi zvl\u00e1dne pracovat v\u202fklidu a&nbsp;s&nbsp;citem. A&nbsp;zku\u0161en\u00e1 re\u017eis\u00e9rka Jasmina Bla\u017eevi\u010d pro n\u00e1s byla jedinou spr\u00e1vnou volbou.<\/span><span data-ccp-props=\"{&quot;335551550&quot;:6,&quot;335551620&quot;:6,&quot;335559740&quot;:360}\">\u00a0<\/span><span data-ccp-props=\"{&quot;335551550&quot;:6,&quot;335551620&quot;:6,&quot;335559740&quot;:360}\">\u00a0<\/span>\r\n<h2><span data-contrast=\"auto\">D\u011bti zrcadl\u00ed na\u0161e chov\u00e1n\u00ed, ani\u017e bychom si to uv\u011bdomovali<\/span><span data-ccp-props=\"{&quot;335551550&quot;:6,&quot;335551620&quot;:6,&quot;335559740&quot;:360}\">\u00a0<\/span><\/h2>\r\n<span data-contrast=\"auto\">Chystali jsme dva spoty \u2013 jeden s\u202fhol\u010di\u010dkou a&nbsp;druh\u00fd s\u202fklukem. Hol\u010di\u010dka, kter\u00e1 si doma hraje v\u202fd\u011btsk\u00e9 kuchy\u0148ce, zat\u00edmco va\u0159\u00ed nezdrav\u00e9 j\u00eddlo, nakonec ne\u010dekan\u011b donut\u00ed t\u00e1tu polknout na pr\u00e1zdno. Chleba s\u202fb\u016f\u010dkem mu z\u016fstane v\u202fruce. To, jak mal\u00e1 here\u010dka h\u00e1zela mrkev p\u0159es rameno a&nbsp;kabonila se nad \u0161pen\u00e1tem, zp\u016fsobovalo, \u017ee cel\u00fd \u0161t\u00e1b vybuchoval sm\u00edchy a&nbsp;kameraman m\u011bl co d\u011blat, aby mu kamera nespadla na zem.<\/span><span data-ccp-props=\"{&quot;335551550&quot;:6,&quot;335551620&quot;:6,&quot;335559740&quot;:360}\">\u00a0<\/span>\r\n\r\n<iframe loading=\"lazy\" title=\"YouTube video player\" src=\"https:\/\/www.youtube.com\/embed\/dZDTqJ5ukk8\" width=\"560\" height=\"315\" frameborder=\"0\" allowfullscreen=\"allowfullscreen\"><\/iframe>\r\n\r\n<span data-contrast=\"auto\">Po hol\u010di\u010dce nastoupil na plac kluk, kter\u00fd napodoboval t\u00e1tu p\u0159i \u0159\u00edzen\u00ed auta. Jeho hl\u00e1\u0161ky, kter\u00e9 jako by ho samo sebou napadaly, si nezadaly s\u202ft\u011bmi, kter\u00e9 m\u011bl napsan\u00e9 ve sc\u00e9n\u00e1\u0159i. Kdy\u017e vysv\u011btloval ply\u0161ov\u00e9mu medv\u011bdovi, \u017ee za v\u0161echno m\u016f\u017ee on nebo kdy\u017e b\u011bhal sem a&nbsp;tam pro zapomenut\u00fd \u0159idi\u010d\u00e1k, z\u00edskal si sympatie v\u0161ech na place. <\/span><b><span data-contrast=\"auto\">Kampa\u0148 se tak nesla p\u0159esn\u011b v\u202fduchu klientsk\u00e9ho zad\u00e1n\u00ed.<\/span><\/b><span data-contrast=\"auto\">\u00a0<\/span><span data-ccp-props=\"{&quot;335551550&quot;:6,&quot;335551620&quot;:6,&quot;335559740&quot;:360}\">\u00a0<\/span>\r\n<blockquote class=\"wp-block-quote\">\u201eNecht\u011bli jsme, aby kampa\u0148 p\u016fsobila mentorsky, sna\u017eili jsme se ji proto co nejv\u00edce odleh\u010dit. V\u011b\u0159\u00edm, \u017ee se n\u00e1m to ve spolupr\u00e1ci s&nbsp;agenturou, produkc\u00ed i&nbsp;re\u017eis\u00e9rkou poda\u0159ilo a&nbsp;\u017ee p\u0159inese o\u010dek\u00e1van\u00e9 obchodn\u00ed v\u00fdsledky.\u201c <cite>Jind\u0159ich Skrip, marketingov\u00fd \u0159editel Kooperativy<\/cite><\/blockquote>\r\n\r\n\r\n<span data-contrast=\"auto\">A\u017e p\u0159ijdete dneska z\u202fpr\u00e1ce dom\u016f, zkuste se schv\u00e1ln\u011b pod\u00edvat, na co si hraj\u00ed va\u0161e d\u011bti. Jestli t\u0159eba nenapodobuj\u00ed n\u011bkter\u00fd z&nbsp;va\u0161ich neduh\u016f. Bude se n\u00e1m to hodit na pokra\u010dov\u00e1n\u00ed t\u00e9hle kampan\u011b. Za Boomerang na n\u00ed zrcadlili chov\u00e1n\u00ed dosp\u011bl\u00fdch Robert Marek, Jind\u0159ich Nov\u00e1k, Helena Case a&nbsp;Pavel Sobek.\u00a0<\/span><span data-ccp-props=\"{&quot;335551550&quot;:6,&quot;335551620&quot;:6,&quot;335559740&quot;:360}\">\u00a0<\/span><!-- \/wp:post-content -->","protected":false},"excerpt":{"rendered":"<p>Zna\u010dka FLEXI od Kooperativy pot\u0159ebovala nov\u00fd komunika\u010dn\u00ed koncept. Proto jsme spole\u010dn\u011b s\u202fklientem a&nbsp;v\u00fdzkumnou agenturou za\u010dali hledat siln\u00e9 sd\u011blen\u00ed, kter\u00e9 by vtipn\u011b pouk\u00e1zalo na nevhodn\u00e9 a&nbsp;nezdrav\u00e9 n\u00e1vyky \u010cech\u016f. A&nbsp;nakonec jsme ho na\u0161li doma \u2013 u&nbsp;sv\u00fdch d\u011bt\u00ed. Ty toti\u017e zrcadl\u00ed n\u00e1s, dosp\u011bl\u00e9, dokonale.\u00a0 Nat\u00e1\u010den\u00ed s\u202fd\u011btmi je jedna z\u202fnejslo\u017eit\u011bj\u0161\u00edch reklamn\u00edch discipl\u00edn. Mal\u00ed herci jsou toti\u017e velmi spont\u00e1nn\u00ed a&nbsp;\u010dasto [&hellip;]<\/p>\n","protected":false},"featured_media":2594,"menu_order":0,"template":"","serial":[],"class_list":["post-2286","blog_article","type-blog_article","status-publish","has-post-thumbnail","hentry"],"acf":[],"yoast_head":"<!-- This site is optimized with the Yoast SEO plugin v27.1 - https:\/\/yoast.com\/product\/yoast-seo-wordpress\/ -->\n<title>Na\u0161e d\u011bti toho o n\u00e1s v\u011bd\u00ed nejv\u00edc. Nov\u00e1 kampa\u0148 FLEXI je velkou show mal\u00fdch herc\u016f - Boomerang Communication<\/title>\n<meta name=\"description\" content=\"Kde jsme na\u0161li nov\u00fd komunika\u010dn\u00ed koncept pro zna\u010dku FLEXI? Doma. U na\u0161ich d\u011bt\u00ed. Ty toti\u017e zrcadl\u00ed n\u00e1s, dosp\u011bl\u00e9, dokonale.\" \/>\n<meta name=\"robots\" content=\"index, follow, max-snippet:-1, max-image-preview:large, max-video-preview:-1\" \/>\n<link rel=\"canonical\" href=\"https:\/\/boomerang.agency\/en\/blog\/nase-deti-toho-o-nas-vedi-nejvic-nova-kampan-flexi-je-velkou-show-malych-hercu\/\" \/>\n<meta property=\"og:locale\" content=\"en_US\" \/>\n<meta property=\"og:type\" content=\"article\" \/>\n<meta property=\"og:title\" content=\"Na\u0161e d\u011bti toho o n\u00e1s v\u011bd\u00ed nejv\u00edc. Nov\u00e1 kampa\u0148 FLEXI je velkou show mal\u00fdch herc\u016f\" \/>\n<meta property=\"og:description\" content=\"Zna\u010dka FLEXI od Kooperativy pot\u0159ebovala nov\u00fd komunika\u010dn\u00ed koncept. Proto jsme spole\u010dn\u011b s\u202fklientem a v\u00fdzkumnou agenturou za\u010dali hledat siln\u00e9 sd\u011blen\u00ed, kter\u00e9 by vtipn\u011b pouk\u00e1zalo na nevhodn\u00e9 a nezdrav\u00e9 n\u00e1vyky \u010cech\u016f. A nakonec jsme ho na\u0161li doma \u2013 u sv\u00fdch d\u011bt\u00ed.\" \/>\n<meta property=\"og:url\" content=\"https:\/\/boomerang.agency\/en\/blog\/nase-deti-toho-o-nas-vedi-nejvic-nova-kampan-flexi-je-velkou-show-malych-hercu\/\" \/>\n<meta property=\"og:site_name\" content=\"Boomerang Communication\" \/>\n<meta property=\"article:modified_time\" content=\"2023-02-03T12:12:29+00:00\" \/>\n<meta property=\"og:image\" content=\"https:\/\/boomerang.agency\/wp-content\/uploads\/2018\/07\/boomerang-communication-obsahovy-marketing-komunikacni-agentura-1.png\" \/>\n\t<meta property=\"og:image:width\" content=\"1200\" \/>\n\t<meta property=\"og:image:height\" content=\"630\" \/>\n\t<meta property=\"og:image:type\" content=\"image\/png\" \/>\n<meta name=\"twitter:card\" content=\"summary_large_image\" \/>\n<meta name=\"twitter:label1\" content=\"Est. reading time\" \/>\n\t<meta name=\"twitter:data1\" content=\"2 minutes\" \/>\n<script type=\"application\/ld+json\" class=\"yoast-schema-graph\">{\"@context\":\"https:\/\/schema.org\",\"@graph\":[{\"@type\":\"WebPage\",\"@id\":\"https:\/\/boomerang.agency\/en\/blog\/nase-deti-toho-o-nas-vedi-nejvic-nova-kampan-flexi-je-velkou-show-malych-hercu\/\",\"url\":\"https:\/\/boomerang.agency\/en\/blog\/nase-deti-toho-o-nas-vedi-nejvic-nova-kampan-flexi-je-velkou-show-malych-hercu\/\",\"name\":\"Na\u0161e d\u011bti toho o n\u00e1s v\u011bd\u00ed nejv\u00edc. Nov\u00e1 kampa\u0148 FLEXI je velkou show mal\u00fdch herc\u016f - Boomerang Communication\",\"isPartOf\":{\"@id\":\"https:\/\/boomerang.agency\/en\/#website\"},\"primaryImageOfPage\":{\"@id\":\"https:\/\/boomerang.agency\/en\/blog\/nase-deti-toho-o-nas-vedi-nejvic-nova-kampan-flexi-je-velkou-show-malych-hercu\/#primaryimage\"},\"image\":{\"@id\":\"https:\/\/boomerang.agency\/en\/blog\/nase-deti-toho-o-nas-vedi-nejvic-nova-kampan-flexi-je-velkou-show-malych-hercu\/#primaryimage\"},\"thumbnailUrl\":\"https:\/\/boomerang.agency\/wp-content\/uploads\/2022\/05\/flexi-copy.jpg\",\"datePublished\":\"2022-05-09T11:12:00+00:00\",\"dateModified\":\"2023-02-03T12:12:29+00:00\",\"description\":\"Kde jsme na\u0161li nov\u00fd komunika\u010dn\u00ed koncept pro zna\u010dku FLEXI? Doma. U na\u0161ich d\u011bt\u00ed. Ty toti\u017e zrcadl\u00ed n\u00e1s, dosp\u011bl\u00e9, dokonale.\",\"breadcrumb\":{\"@id\":\"https:\/\/boomerang.agency\/en\/blog\/nase-deti-toho-o-nas-vedi-nejvic-nova-kampan-flexi-je-velkou-show-malych-hercu\/#breadcrumb\"},\"inLanguage\":\"en-US\",\"potentialAction\":[{\"@type\":\"ReadAction\",\"target\":[\"https:\/\/boomerang.agency\/en\/blog\/nase-deti-toho-o-nas-vedi-nejvic-nova-kampan-flexi-je-velkou-show-malych-hercu\/\"]}]},{\"@type\":\"ImageObject\",\"inLanguage\":\"en-US\",\"@id\":\"https:\/\/boomerang.agency\/en\/blog\/nase-deti-toho-o-nas-vedi-nejvic-nova-kampan-flexi-je-velkou-show-malych-hercu\/#primaryimage\",\"url\":\"https:\/\/boomerang.agency\/wp-content\/uploads\/2022\/05\/flexi-copy.jpg\",\"contentUrl\":\"https:\/\/boomerang.agency\/wp-content\/uploads\/2022\/05\/flexi-copy.jpg\",\"width\":2000,\"height\":1125},{\"@type\":\"BreadcrumbList\",\"@id\":\"https:\/\/boomerang.agency\/en\/blog\/nase-deti-toho-o-nas-vedi-nejvic-nova-kampan-flexi-je-velkou-show-malych-hercu\/#breadcrumb\",\"itemListElement\":[{\"@type\":\"ListItem\",\"position\":1,\"name\":\"Dom\u016f\",\"item\":\"https:\/\/boomerang.agency\/en\/\"},{\"@type\":\"ListItem\",\"position\":2,\"name\":\"Blog\",\"item\":\"https:\/\/boomerang.agency\/en\/blog\/\"},{\"@type\":\"ListItem\",\"position\":3,\"name\":\"Na\u0161e d\u011bti toho o n\u00e1s v\u011bd\u00ed nejv\u00edc. Nov\u00e1 kampa\u0148 FLEXI je velkou show mal\u00fdch herc\u016f\"}]},{\"@type\":\"WebSite\",\"@id\":\"https:\/\/boomerang.agency\/en\/#website\",\"url\":\"https:\/\/boomerang.agency\/en\/\",\"name\":\"Boomerang Communication\",\"description\":\"Boomerang Communication - strategie, obsahov\u00fd marketing a reklama\",\"potentialAction\":[{\"@type\":\"SearchAction\",\"target\":{\"@type\":\"EntryPoint\",\"urlTemplate\":\"https:\/\/boomerang.agency\/en\/?s={search_term_string}\"},\"query-input\":{\"@type\":\"PropertyValueSpecification\",\"valueRequired\":true,\"valueName\":\"search_term_string\"}}],\"inLanguage\":\"en-US\"}]}<\/script>\n<!-- \/ Yoast SEO plugin. -->","yoast_head_json":{"title":"Na\u0161e d\u011bti toho o n\u00e1s v\u011bd\u00ed nejv\u00edc. Nov\u00e1 kampa\u0148 FLEXI je velkou show mal\u00fdch herc\u016f - Boomerang Communication","description":"Kde jsme na\u0161li nov\u00fd komunika\u010dn\u00ed koncept pro zna\u010dku FLEXI? Doma. U na\u0161ich d\u011bt\u00ed. Ty toti\u017e zrcadl\u00ed n\u00e1s, dosp\u011bl\u00e9, dokonale.","robots":{"index":"index","follow":"follow","max-snippet":"max-snippet:-1","max-image-preview":"max-image-preview:large","max-video-preview":"max-video-preview:-1"},"canonical":"https:\/\/boomerang.agency\/en\/blog\/nase-deti-toho-o-nas-vedi-nejvic-nova-kampan-flexi-je-velkou-show-malych-hercu\/","og_locale":"en_US","og_type":"article","og_title":"Na\u0161e d\u011bti toho o n\u00e1s v\u011bd\u00ed nejv\u00edc. Nov\u00e1 kampa\u0148 FLEXI je velkou show mal\u00fdch herc\u016f","og_description":"Zna\u010dka FLEXI od Kooperativy pot\u0159ebovala nov\u00fd komunika\u010dn\u00ed koncept. Proto jsme spole\u010dn\u011b s\u202fklientem a v\u00fdzkumnou agenturou za\u010dali hledat siln\u00e9 sd\u011blen\u00ed, kter\u00e9 by vtipn\u011b pouk\u00e1zalo na nevhodn\u00e9 a nezdrav\u00e9 n\u00e1vyky \u010cech\u016f. A nakonec jsme ho na\u0161li doma \u2013 u sv\u00fdch d\u011bt\u00ed.","og_url":"https:\/\/boomerang.agency\/en\/blog\/nase-deti-toho-o-nas-vedi-nejvic-nova-kampan-flexi-je-velkou-show-malych-hercu\/","og_site_name":"Boomerang Communication","article_modified_time":"2023-02-03T12:12:29+00:00","og_image":[{"width":1200,"height":630,"url":"https:\/\/boomerang.agency\/wp-content\/uploads\/2018\/07\/boomerang-communication-obsahovy-marketing-komunikacni-agentura-1.png","type":"image\/png"}],"twitter_card":"summary_large_image","twitter_misc":{"Est. reading time":"2 minutes"},"schema":{"@context":"https:\/\/schema.org","@graph":[{"@type":"WebPage","@id":"https:\/\/boomerang.agency\/en\/blog\/nase-deti-toho-o-nas-vedi-nejvic-nova-kampan-flexi-je-velkou-show-malych-hercu\/","url":"https:\/\/boomerang.agency\/en\/blog\/nase-deti-toho-o-nas-vedi-nejvic-nova-kampan-flexi-je-velkou-show-malych-hercu\/","name":"Na\u0161e d\u011bti toho o n\u00e1s v\u011bd\u00ed nejv\u00edc. Nov\u00e1 kampa\u0148 FLEXI je velkou show mal\u00fdch herc\u016f - Boomerang Communication","isPartOf":{"@id":"https:\/\/boomerang.agency\/en\/#website"},"primaryImageOfPage":{"@id":"https:\/\/boomerang.agency\/en\/blog\/nase-deti-toho-o-nas-vedi-nejvic-nova-kampan-flexi-je-velkou-show-malych-hercu\/#primaryimage"},"image":{"@id":"https:\/\/boomerang.agency\/en\/blog\/nase-deti-toho-o-nas-vedi-nejvic-nova-kampan-flexi-je-velkou-show-malych-hercu\/#primaryimage"},"thumbnailUrl":"https:\/\/boomerang.agency\/wp-content\/uploads\/2022\/05\/flexi-copy.jpg","datePublished":"2022-05-09T11:12:00+00:00","dateModified":"2023-02-03T12:12:29+00:00","description":"Kde jsme na\u0161li nov\u00fd komunika\u010dn\u00ed koncept pro zna\u010dku FLEXI? Doma. U na\u0161ich d\u011bt\u00ed. Ty toti\u017e zrcadl\u00ed n\u00e1s, dosp\u011bl\u00e9, dokonale.","breadcrumb":{"@id":"https:\/\/boomerang.agency\/en\/blog\/nase-deti-toho-o-nas-vedi-nejvic-nova-kampan-flexi-je-velkou-show-malych-hercu\/#breadcrumb"},"inLanguage":"en-US","potentialAction":[{"@type":"ReadAction","target":["https:\/\/boomerang.agency\/en\/blog\/nase-deti-toho-o-nas-vedi-nejvic-nova-kampan-flexi-je-velkou-show-malych-hercu\/"]}]},{"@type":"ImageObject","inLanguage":"en-US","@id":"https:\/\/boomerang.agency\/en\/blog\/nase-deti-toho-o-nas-vedi-nejvic-nova-kampan-flexi-je-velkou-show-malych-hercu\/#primaryimage","url":"https:\/\/boomerang.agency\/wp-content\/uploads\/2022\/05\/flexi-copy.jpg","contentUrl":"https:\/\/boomerang.agency\/wp-content\/uploads\/2022\/05\/flexi-copy.jpg","width":2000,"height":1125},{"@type":"BreadcrumbList","@id":"https:\/\/boomerang.agency\/en\/blog\/nase-deti-toho-o-nas-vedi-nejvic-nova-kampan-flexi-je-velkou-show-malych-hercu\/#breadcrumb","itemListElement":[{"@type":"ListItem","position":1,"name":"Dom\u016f","item":"https:\/\/boomerang.agency\/en\/"},{"@type":"ListItem","position":2,"name":"Blog","item":"https:\/\/boomerang.agency\/en\/blog\/"},{"@type":"ListItem","position":3,"name":"Na\u0161e d\u011bti toho o n\u00e1s v\u011bd\u00ed nejv\u00edc. Nov\u00e1 kampa\u0148 FLEXI je velkou show mal\u00fdch herc\u016f"}]},{"@type":"WebSite","@id":"https:\/\/boomerang.agency\/en\/#website","url":"https:\/\/boomerang.agency\/en\/","name":"Boomerang Communication","description":"Boomerang Communication - strategie, obsahov\u00fd marketing a reklama","potentialAction":[{"@type":"SearchAction","target":{"@type":"EntryPoint","urlTemplate":"https:\/\/boomerang.agency\/en\/?s={search_term_string}"},"query-input":{"@type":"PropertyValueSpecification","valueRequired":true,"valueName":"search_term_string"}}],"inLanguage":"en-US"}]}},"_links":{"self":[{"href":"https:\/\/boomerang.agency\/en\/wp-json\/wp\/v2\/blog_article\/2286","targetHints":{"allow":["GET"]}}],"collection":[{"href":"https:\/\/boomerang.agency\/en\/wp-json\/wp\/v2\/blog_article"}],"about":[{"href":"https:\/\/boomerang.agency\/en\/wp-json\/wp\/v2\/types\/blog_article"}],"version-history":[{"count":4,"href":"https:\/\/boomerang.agency\/en\/wp-json\/wp\/v2\/blog_article\/2286\/revisions"}],"predecessor-version":[{"id":2795,"href":"https:\/\/boomerang.agency\/en\/wp-json\/wp\/v2\/blog_article\/2286\/revisions\/2795"}],"wp:featuredmedia":[{"embeddable":true,"href":"https:\/\/boomerang.agency\/en\/wp-json\/wp\/v2\/media\/2594"}],"wp:attachment":[{"href":"https:\/\/boomerang.agency\/en\/wp-json\/wp\/v2\/media?parent=2286"}],"wp:term":[{"taxonomy":"serial","embeddable":true,"href":"https:\/\/boomerang.agency\/en\/wp-json\/wp\/v2\/serial?post=2286"}],"curies":[{"name":"wp","href":"https:\/\/api.w.org\/{rel}","templated":true}]}}